{"id":141443,"date":"2019-09-18T02:09:52","date_gmt":"2019-09-18T05:09:52","guid":{"rendered":"https:\/\/contenidos.vip\/mastenis\/?p=141443"},"modified":"2019-09-18T02:09:52","modified_gmt":"2019-09-18T05:09:52","slug":"federer-y-delpo-animaran-al-publico-en-argentina-en-noviembre","status":"publish","type":"post","link":"https:\/\/contenidos.vip\/mastenis\/ar\/2019\/09\/18\/federer-y-delpo-animaran-al-publico-en-argentina-en-noviembre\/","title":{"rendered":"Federer y Delpo animar\u00e1n al p\u00fablico en Argentina en noviembre"},"content":{"rendered":"<h3>Se confirm\u00f3 definitivamente la visita del suizo al pa\u00eds m\u00e1s austral del mundo, que se dar\u00e1 con el tandilense, el pr\u00f3ximo 20 de noviembre, en el Parque Roca.<\/h3>\n<p>La crisis econ\u00f3mica parec\u00eda haber mermado las ansias y las intenciones de Roger Federer de hacer una gira por Sudam\u00e9rica con Argentina incluida en el recorrido, sin embargo, todo eso qued\u00f3 en el pasado y en el olvido y se decidi\u00f3 que la fecha que ambos tenistas animar\u00e1n al p\u00fablico argentino ser\u00e1 el pr\u00f3ximo 20 de noviembre, en el estadio Parque Roca, con lo cu\u00e1l el revuelo que se vivir\u00e1 en Buenos Aires a fin del a\u00f1o ser\u00e1 ampliamente masivo.<\/p>\n<p>Federer, quien incluir\u00e1 finalmente a la Argentina en su Tour por Sudam\u00e9rica y Am\u00e9rica Central en el fin de la temporada, donde destacan las citas de M\u00e9xico y Colombia, jugar\u00e1 ante el tandilense Juan Mart\u00edn del Potro, de modo tal que se har\u00e1 una remake de aquellos duelos que protagonizaron en Tigre, en el a\u00f1o 2012, cuando el suizo vino por primera y \u00fanica vez al pa\u00eds.<\/p>\n<p>En aquella ocasi\u00f3n, los duelos entre ambos fueron uno para cada uno y ahora, en este 2019, ambos protagonizar\u00e1n en el estadio Parque Roca, en Villa Soldati, un show de lujo para los argentinos, que estaban expectantes para volver al suizo en suelo argento.<\/p>\n<p>Las entradas se pondr\u00e1n a la venta el pr\u00f3ximo mi\u00e9rcoles a trav\u00e9s de Top Show, uno de los organizadores del evento, y los precios oscilan entre los $6.500 y $15.000, en valores del peso argentino.<\/p>\n","protected":false},"excerpt":{"rendered":"<p>Se confirm\u00f3 definitivamente la visita del suizo al pa\u00eds m\u00e1s austral del mundo, que se dar\u00e1 con el tandilense, el pr\u00f3ximo 20 de noviembre, en el Parque Roca. La crisis econ\u00f3mica parec\u00eda haber mermado las ansias y las intenciones de Roger Federer de hacer una gira por Sudam\u00e9rica con Argentina incluida en el recorrido, sin [&hellip;]<\/p>\n","protected":false},"author":41,"featured_media":141444,"comment_status":"open","ping_status":"open","sticky":false,"template":"","format":"standard","meta":[],"categories":[1],"tags":[36,852,7,28,215],"yst_prominent_words":[],"lang":"ar","translations":{"ar":141443},"pll_sync_post":[],"_links":{"self":[{"href":"https:\/\/contenidos.vip\/mastenis\/wp-json\/wp\/v2\/posts\/141443"}],"collection":[{"href":"https:\/\/contenidos.vip\/mastenis\/wp-json\/wp\/v2\/posts"}],"about":[{"href":"https:\/\/contenidos.vip\/mastenis\/wp-json\/wp\/v2\/types\/post"}],"author":[{"embeddable":true,"href":"https:\/\/contenidos.vip\/mastenis\/wp-json\/wp\/v2\/users\/41"}],"replies":[{"embeddable":true,"href":"https:\/\/contenidos.vip\/mastenis\/wp-json\/wp\/v2\/comments?post=141443"}],"version-history":[{"count":1,"href":"https:\/\/contenidos.vip\/mastenis\/wp-json\/wp\/v2\/posts\/141443\/revisions"}],"predecessor-version":[{"id":141445,"href":"https:\/\/contenidos.vip\/mastenis\/wp-json\/wp\/v2\/posts\/141443\/revisions\/141445"}],"wp:featuredmedia":[{"embeddable":true,"href":"https:\/\/contenidos.vip\/mastenis\/wp-json\/wp\/v2\/media\/141444"}],"wp:attachment":[{"href":"https:\/\/contenidos.vip\/mastenis\/wp-json\/wp\/v2\/media?parent=141443"}],"wp:term":[{"taxonomy":"category","embeddable":true,"href":"https:\/\/contenidos.vip\/mastenis\/wp-json\/wp\/v2\/categories?post=141443"},{"taxonomy":"post_tag","embeddable":true,"href":"https:\/\/contenidos.vip\/mastenis\/wp-json\/wp\/v2\/tags?post=141443"},{"taxonomy":"yst_prominent_words","embeddable":true,"href":"https:\/\/contenidos.vip\/mastenis\/wp-json\/wp\/v2\/yst_prominent_words?post=141443"}],"curies":[{"name":"wp","href":"https:\/\/api.w.org\/{rel}","templated":true}]}}