{"id":141393,"date":"2019-09-13T11:11:58","date_gmt":"2019-09-13T14:11:58","guid":{"rendered":"https:\/\/contenidos.vip\/mastenis\/?p=141393"},"modified":"2019-09-13T11:11:58","modified_gmt":"2019-09-13T14:11:58","slug":"clijsters-volvera-al-ruedo","status":"publish","type":"post","link":"https:\/\/contenidos.vip\/mastenis\/ar\/2019\/09\/13\/clijsters-volvera-al-ruedo\/","title":{"rendered":"Clijsters volver\u00e1 al ruedo"},"content":{"rendered":"<h3>La belga, quien hace m\u00e1s de siete temporadas que no compite profesionalmente, retornar\u00e1 a la WTA.<\/h3>\n<p>Kim Clijsters fue un a de las tenistas m\u00e1s trascendentes e importantes en la primera d\u00e9cada del nuevo milenio. Junto con Justine Henin, las belgas irrumpieron en el circuito para pelearme mano a mano el liderazgo del tour a las entonces reinantes hermanas Venus y Serena Williams, y al poder\u00edo que a\u00fan ostentaba Estados Unidos con jugadoras del calibre de Jennifer Capriati, Lindsay Davenport y Monica Seles.<\/p>\n<p>Clijters, junto con Henin, marcaron el camino en el tour femenino del tenis mundial y poco a poco ellas tomaron el control del asunto. Por diferentes motivos, ambas se retiraron muy j\u00f3venes, y Clijsters siempre fue la que volvi\u00f3 a intentarlo tras su retiro.<\/p>\n<p>Primero fue en el 2009, cuando luego de ser mam\u00e1 retorn\u00f3 a la actividad y en aquel a\u00f1o venci\u00f3 en el Abierto de los Estados Unidos, siendo as\u00ed la primera mujer en consagrarse campeona de un Grand Slam luego de haber sido madre, tras la australiana Evonne Goolagong, quien lo logr\u00f3 en 1980.<\/p>\n<p>Sin embargo, en el 2012, decidi\u00f3 colgar la raqueta para siempre y pareci\u00f3 el fin, hasta ayer, cuando, luego de siete temporadas, a trav\u00e9s de sus redes sociales, se proclam\u00f3 a favor de la idea de volver a competir profesionalmente.<\/p>\n<p>De esta forma, con treinta y siete a\u00f1os, la belga, que supo ser la l\u00edder mundial en el a\u00f1o 2003, campeona de cuatro Grand Slams y due\u00f1a de cuarenta y un t\u00edtulos WTA volver\u00e1 a las pistas con el fin de ser una vez m\u00e1s una de las grandes animadoras del circuito femenino.<\/p>\n<p>&nbsp;<\/p>\n","protected":false},"excerpt":{"rendered":"<p>La belga, quien hace m\u00e1s de siete temporadas que no compite profesionalmente, retornar\u00e1 a la WTA. Kim Clijsters fue un a de las tenistas m\u00e1s trascendentes e importantes en la primera d\u00e9cada del nuevo milenio. Junto con Justine Henin, las belgas irrumpieron en el circuito para pelearme mano a mano el liderazgo del tour a [&hellip;]<\/p>\n","protected":false},"author":41,"featured_media":141394,"comment_status":"open","ping_status":"open","sticky":false,"template":"","format":"standard","meta":[],"categories":[1],"tags":[951,950,880,215,172],"yst_prominent_words":[],"lang":"ar","translations":{"ar":141393},"pll_sync_post":[],"_links":{"self":[{"href":"https:\/\/contenidos.vip\/mastenis\/wp-json\/wp\/v2\/posts\/141393"}],"collection":[{"href":"https:\/\/contenidos.vip\/mastenis\/wp-json\/wp\/v2\/posts"}],"about":[{"href":"https:\/\/contenidos.vip\/mastenis\/wp-json\/wp\/v2\/types\/post"}],"author":[{"embeddable":true,"href":"https:\/\/contenidos.vip\/mastenis\/wp-json\/wp\/v2\/users\/41"}],"replies":[{"embeddable":true,"href":"https:\/\/contenidos.vip\/mastenis\/wp-json\/wp\/v2\/comments?post=141393"}],"version-history":[{"count":1,"href":"https:\/\/contenidos.vip\/mastenis\/wp-json\/wp\/v2\/posts\/141393\/revisions"}],"predecessor-version":[{"id":141395,"href":"https:\/\/contenidos.vip\/mastenis\/wp-json\/wp\/v2\/posts\/141393\/revisions\/141395"}],"wp:featuredmedia":[{"embeddable":true,"href":"https:\/\/contenidos.vip\/mastenis\/wp-json\/wp\/v2\/media\/141394"}],"wp:attachment":[{"href":"https:\/\/contenidos.vip\/mastenis\/wp-json\/wp\/v2\/media?parent=141393"}],"wp:term":[{"taxonomy":"category","embeddable":true,"href":"https:\/\/contenidos.vip\/mastenis\/wp-json\/wp\/v2\/categories?post=141393"},{"taxonomy":"post_tag","embeddable":true,"href":"https:\/\/contenidos.vip\/mastenis\/wp-json\/wp\/v2\/tags?post=141393"},{"taxonomy":"yst_prominent_words","embeddable":true,"href":"https:\/\/contenidos.vip\/mastenis\/wp-json\/wp\/v2\/yst_prominent_words?post=141393"}],"curies":[{"name":"wp","href":"https:\/\/api.w.org\/{rel}","templated":true}]}}