{"id":141329,"date":"2019-09-07T00:48:27","date_gmt":"2019-09-07T03:48:27","guid":{"rendered":"https:\/\/contenidos.vip\/mastenis\/?p=141329"},"modified":"2019-09-07T00:48:27","modified_gmt":"2019-09-07T03:48:27","slug":"10-anos-del-us-open-de-delpo","status":"publish","type":"post","link":"https:\/\/contenidos.vip\/mastenis\/ar\/2019\/09\/07\/10-anos-del-us-open-de-delpo\/","title":{"rendered":"10 a\u00f1os del US Open de Delpo"},"content":{"rendered":"<h3>A una d\u00e9cada del torneo ganado por el argentino, M\u00e1s Tenis te trae los highlights de aquella recordada final ganada por el tandilense Juan Mart\u00edn del Potro, en lo que marc\u00f3, hasta el momento, su \u00fanica conquista en un Grand Slam. La victoria, en aquella ocasi\u00f3n, hab\u00eda quedado en sus manos por 3-6, 7-6 (5), 4-6, 7-6 (4) y 6-2, tras m\u00e1s de cuatro horas de juego ante el n\u00famero uno del mundo, Roger Federer, quien buscaba en esa definici\u00f3n ser el m\u00e1ximo campe\u00f3n de la historia del Abierto de los Estados Unidos, con seis t\u00edtulos.<\/h3>\n<p><iframe width=\"640\" height=\"360\" src=\"https:\/\/www.youtube.com\/embed\/Xxb4MIsBBsg?feature=oembed\" frameborder=\"0\" allow=\"accelerometer; autoplay; encrypted-media; gyroscope; picture-in-picture\" allowfullscreen><\/iframe><\/p>\n","protected":false},"excerpt":{"rendered":"<p>A una d\u00e9cada del torneo ganado por el argentino, M\u00e1s Tenis te trae los highlights de aquella recordada final ganada por el tandilense Juan Mart\u00edn del Potro, en lo que marc\u00f3, hasta el momento, su \u00fanica conquista en un Grand Slam. La victoria, en aquella ocasi\u00f3n, hab\u00eda quedado en sus manos por 3-6, 7-6 (5), [&hellip;]<\/p>\n","protected":false},"author":41,"featured_media":141330,"comment_status":"open","ping_status":"open","sticky":false,"template":"","format":"standard","meta":[],"categories":[1],"tags":[36,7,28,215,130],"yst_prominent_words":[],"lang":"ar","translations":{"ar":141329},"pll_sync_post":[],"_links":{"self":[{"href":"https:\/\/contenidos.vip\/mastenis\/wp-json\/wp\/v2\/posts\/141329"}],"collection":[{"href":"https:\/\/contenidos.vip\/mastenis\/wp-json\/wp\/v2\/posts"}],"about":[{"href":"https:\/\/contenidos.vip\/mastenis\/wp-json\/wp\/v2\/types\/post"}],"author":[{"embeddable":true,"href":"https:\/\/contenidos.vip\/mastenis\/wp-json\/wp\/v2\/users\/41"}],"replies":[{"embeddable":true,"href":"https:\/\/contenidos.vip\/mastenis\/wp-json\/wp\/v2\/comments?post=141329"}],"version-history":[{"count":1,"href":"https:\/\/contenidos.vip\/mastenis\/wp-json\/wp\/v2\/posts\/141329\/revisions"}],"predecessor-version":[{"id":141331,"href":"https:\/\/contenidos.vip\/mastenis\/wp-json\/wp\/v2\/posts\/141329\/revisions\/141331"}],"wp:featuredmedia":[{"embeddable":true,"href":"https:\/\/contenidos.vip\/mastenis\/wp-json\/wp\/v2\/media\/141330"}],"wp:attachment":[{"href":"https:\/\/contenidos.vip\/mastenis\/wp-json\/wp\/v2\/media?parent=141329"}],"wp:term":[{"taxonomy":"category","embeddable":true,"href":"https:\/\/contenidos.vip\/mastenis\/wp-json\/wp\/v2\/categories?post=141329"},{"taxonomy":"post_tag","embeddable":true,"href":"https:\/\/contenidos.vip\/mastenis\/wp-json\/wp\/v2\/tags?post=141329"},{"taxonomy":"yst_prominent_words","embeddable":true,"href":"https:\/\/contenidos.vip\/mastenis\/wp-json\/wp\/v2\/yst_prominent_words?post=141329"}],"curies":[{"name":"wp","href":"https:\/\/api.w.org\/{rel}","templated":true}]}}