{"id":140879,"date":"2019-07-29T15:09:00","date_gmt":"2019-07-29T18:09:00","guid":{"rendered":"https:\/\/contenidos.vip\/mastenis\/?p=140879"},"modified":"2019-07-29T15:09:00","modified_gmt":"2019-07-29T18:09:00","slug":"gille-y-vliegen-metieron-doblete","status":"publish","type":"post","link":"https:\/\/contenidos.vip\/mastenis\/ar\/2019\/07\/29\/gille-y-vliegen-metieron-doblete\/","title":{"rendered":"Gille y Vliegen metieron doblete"},"content":{"rendered":"<h3>La pareja belga, quien la semana pasada se hab\u00eda hecho due\u00f1a de Bastad, en Suecia, repiti\u00f3 la f\u00f3rmula y se consagr\u00f3 en tierras Suizas, en Gstaad. Es el segundo t\u00edtulo en la carrera de ambos tenistas, quienes son la sensaci\u00f3n del dobles en le tenis por estos d\u00edas.<\/h3>\n<p>Sander Gille y Joran Vliegen est\u00e1n hechos una m\u00e1quina en conjunto en el circuito de dobles de la ATP y es que los belgas, quienes hace poco m\u00e1s de siete d\u00edas hab\u00edan conquistado el certamen en Bastad, Suecia, ante los argentinos Horacio Zeballos y Federico Delbonis, esta semana volvieron a sorprender y se quedaron con el evento de Gstaad, en Suiza, tras derrotar en la final a la dupla conformada por el austriaco Philipp Oswald y el eslovaco Filip Polasek.<\/p>\n<p>Con parciales de 6-4 y 6-3, los belgas se consagraron campeones ante la dupla n\u00famero uno del certamen, conformada por Oswald y Polasek y, de esta manera, conquistaron, por segunda semana consecutiva, un torneo ATP 250 del Tour de la ATP, convirti\u00e9ndose as\u00ed en la nueva sensaci\u00f3n en el circuito de dobles.<\/p>\n<p>Para Gille y Vliegen \u00e9ste signific\u00f3 el segundo t\u00edtulo en el a\u00f1o luego del de la semana pasada en Bastad, como as\u00ed tambi\u00e9n en sus cortas carreras como profesionales en la especialidad.<\/p>\n","protected":false},"excerpt":{"rendered":"<p>La pareja belga, quien la semana pasada se hab\u00eda hecho due\u00f1a de Bastad, en Suecia, repiti\u00f3 la f\u00f3rmula y se consagr\u00f3 en tierras Suizas, en Gstaad. Es el segundo t\u00edtulo en la carrera de ambos tenistas, quienes son la sensaci\u00f3n del dobles en le tenis por estos d\u00edas. Sander Gille y Joran Vliegen est\u00e1n hechos [&hellip;]<\/p>\n","protected":false},"author":41,"featured_media":140880,"comment_status":"open","ping_status":"open","sticky":false,"template":"","format":"standard","meta":[],"categories":[1],"tags":[891,67,890,889,892],"yst_prominent_words":[],"lang":"ar","translations":{"ar":140879},"pll_sync_post":[],"_links":{"self":[{"href":"https:\/\/contenidos.vip\/mastenis\/wp-json\/wp\/v2\/posts\/140879"}],"collection":[{"href":"https:\/\/contenidos.vip\/mastenis\/wp-json\/wp\/v2\/posts"}],"about":[{"href":"https:\/\/contenidos.vip\/mastenis\/wp-json\/wp\/v2\/types\/post"}],"author":[{"embeddable":true,"href":"https:\/\/contenidos.vip\/mastenis\/wp-json\/wp\/v2\/users\/41"}],"replies":[{"embeddable":true,"href":"https:\/\/contenidos.vip\/mastenis\/wp-json\/wp\/v2\/comments?post=140879"}],"version-history":[{"count":1,"href":"https:\/\/contenidos.vip\/mastenis\/wp-json\/wp\/v2\/posts\/140879\/revisions"}],"predecessor-version":[{"id":140881,"href":"https:\/\/contenidos.vip\/mastenis\/wp-json\/wp\/v2\/posts\/140879\/revisions\/140881"}],"wp:featuredmedia":[{"embeddable":true,"href":"https:\/\/contenidos.vip\/mastenis\/wp-json\/wp\/v2\/media\/140880"}],"wp:attachment":[{"href":"https:\/\/contenidos.vip\/mastenis\/wp-json\/wp\/v2\/media?parent=140879"}],"wp:term":[{"taxonomy":"category","embeddable":true,"href":"https:\/\/contenidos.vip\/mastenis\/wp-json\/wp\/v2\/categories?post=140879"},{"taxonomy":"post_tag","embeddable":true,"href":"https:\/\/contenidos.vip\/mastenis\/wp-json\/wp\/v2\/tags?post=140879"},{"taxonomy":"yst_prominent_words","embeddable":true,"href":"https:\/\/contenidos.vip\/mastenis\/wp-json\/wp\/v2\/yst_prominent_words?post=140879"}],"curies":[{"name":"wp","href":"https:\/\/api.w.org\/{rel}","templated":true}]}}