{"id":140856,"date":"2019-07-26T21:30:00","date_gmt":"2019-07-27T00:30:00","guid":{"rendered":"https:\/\/contenidos.vip\/mastenis\/?p=140856"},"modified":"2019-07-26T21:30:00","modified_gmt":"2019-07-27T00:30:00","slug":"el-publico-argentino-ama-a-federer","status":"publish","type":"post","link":"https:\/\/contenidos.vip\/mastenis\/ar\/2019\/07\/26\/el-publico-argentino-ama-a-federer\/","title":{"rendered":"El p\u00fablico argentino ama a Federer"},"content":{"rendered":"<h3>En la antesala de la nueva visita del suizo al pa\u00eds sudamericano, les dejamos un video (de la gente de BA Tennis) de su \u00faltimo paso por esas tierras, en donde se lo ve al helv\u00e9tico jugar dos Gran Willies en el mismo punto y recibir la ovasi\u00f3n del p\u00fablico desde las gradas. Sin dudas, el argentino ama al suizo con creces. \u00a1Dale Play al video!<\/h3>\n<p><iframe width=\"640\" height=\"480\" src=\"https:\/\/www.youtube.com\/embed\/1lSij02CtsQ?feature=oembed\" frameborder=\"0\" allow=\"accelerometer; autoplay; encrypted-media; gyroscope; picture-in-picture\" allowfullscreen><\/iframe><\/p>\n","protected":false},"excerpt":{"rendered":"<p>En la antesala de la nueva visita del suizo al pa\u00eds sudamericano, les dejamos un video (de la gente de BA Tennis) de su \u00faltimo paso por esas tierras, en donde se lo ve al helv\u00e9tico jugar dos Gran Willies en el mismo punto y recibir la ovasi\u00f3n del p\u00fablico desde las gradas. Sin dudas, [&hellip;]<\/p>\n","protected":false},"author":41,"featured_media":140857,"comment_status":"open","ping_status":"open","sticky":false,"template":"","format":"standard","meta":[],"categories":[1],"tags":[68,852,883,28,215],"yst_prominent_words":[],"lang":"ar","translations":{"ar":140856},"pll_sync_post":[],"_links":{"self":[{"href":"https:\/\/contenidos.vip\/mastenis\/wp-json\/wp\/v2\/posts\/140856"}],"collection":[{"href":"https:\/\/contenidos.vip\/mastenis\/wp-json\/wp\/v2\/posts"}],"about":[{"href":"https:\/\/contenidos.vip\/mastenis\/wp-json\/wp\/v2\/types\/post"}],"author":[{"embeddable":true,"href":"https:\/\/contenidos.vip\/mastenis\/wp-json\/wp\/v2\/users\/41"}],"replies":[{"embeddable":true,"href":"https:\/\/contenidos.vip\/mastenis\/wp-json\/wp\/v2\/comments?post=140856"}],"version-history":[{"count":1,"href":"https:\/\/contenidos.vip\/mastenis\/wp-json\/wp\/v2\/posts\/140856\/revisions"}],"predecessor-version":[{"id":140858,"href":"https:\/\/contenidos.vip\/mastenis\/wp-json\/wp\/v2\/posts\/140856\/revisions\/140858"}],"wp:featuredmedia":[{"embeddable":true,"href":"https:\/\/contenidos.vip\/mastenis\/wp-json\/wp\/v2\/media\/140857"}],"wp:attachment":[{"href":"https:\/\/contenidos.vip\/mastenis\/wp-json\/wp\/v2\/media?parent=140856"}],"wp:term":[{"taxonomy":"category","embeddable":true,"href":"https:\/\/contenidos.vip\/mastenis\/wp-json\/wp\/v2\/categories?post=140856"},{"taxonomy":"post_tag","embeddable":true,"href":"https:\/\/contenidos.vip\/mastenis\/wp-json\/wp\/v2\/tags?post=140856"},{"taxonomy":"yst_prominent_words","embeddable":true,"href":"https:\/\/contenidos.vip\/mastenis\/wp-json\/wp\/v2\/yst_prominent_words?post=140856"}],"curies":[{"name":"wp","href":"https:\/\/api.w.org\/{rel}","templated":true}]}}