{"id":140838,"date":"2019-07-25T21:09:52","date_gmt":"2019-07-26T00:09:52","guid":{"rendered":"https:\/\/contenidos.vip\/mastenis\/?p=140838"},"modified":"2019-07-25T21:09:52","modified_gmt":"2019-07-26T00:09:52","slug":"federer-regresa-a-argentina","status":"publish","type":"post","link":"https:\/\/contenidos.vip\/mastenis\/ar\/2019\/07\/25\/federer-regresa-a-argentina\/","title":{"rendered":"Federer regresa a Argentina"},"content":{"rendered":"<h3>El mejor tenista de todos los tiempos volver\u00e1 al pa\u00eds en el marco de su gira latinoamericana en el mes de noviembre. Aunque a\u00fan no est\u00e1 confirmada la fecha exacta ni tampoco el rival, trascendi\u00f3 que enfrentar\u00e1 a un jugador Top 15.<\/h3>\n<p>Siete a\u00f1os debi\u00f3 esperar el pueblo argentino para que los rumores se transformen una vez m\u00e1s en realidad y poder volver a verlo. Y es que se confirm\u00f3 que el suizo Roger Federer, el mejor tenista de todos los tiempos, retornar\u00e1 al pa\u00eds luego de su paso por el mismo en el 2012 y ser\u00e1 en el marco de su gira a realizar durante el mes de noviembre por toda latinoamerica.<\/p>\n<p>Hace justamente siete temporadas, el suizo vino a Argentina y disput\u00f3 dos exhibiciones en el partido bonaerense de Tigre junto con Juan Mart\u00edn del Potro. Por aquel entonces, siendo el n\u00famero dos del mundo y el argentino ubicado en los puestos de vanguardia, jugaron dos encuentros en el mes de diciembre, en los que se repartieron un triunfo por lado, risas y ovaciones del p\u00fablico, que se deleit\u00f3 como pocas veces con el deporte blanco.<\/p>\n<p>Cerca del retiro y con las ansias demostradas a principio de la temporada de venir al cono sur del continente, se confirm\u00f3 en el d\u00eda de ayer que el suizo ser\u00e1 parte, una vez m\u00e1s, de exhibiciones en Argentina. Sin fecha confirmada a\u00fan, pero estipulada en el mes de noviembre, y sin rival a definir, pero que se asegur\u00f3 que ser\u00e1 u Top 15 del mundo, el helv\u00e9tico se prepara para ser ovacionado y aplaudido, una vez m\u00e1s, por uno de los p\u00fablicos que m\u00e1s lo ama y lo idolatra en el mundo.<\/p>\n","protected":false},"excerpt":{"rendered":"<p>El mejor tenista de todos los tiempos volver\u00e1 al pa\u00eds en el marco de su gira latinoamericana en el mes de noviembre. Aunque a\u00fan no est\u00e1 confirmada la fecha exacta ni tampoco el rival, trascendi\u00f3 que enfrentar\u00e1 a un jugador Top 15. Siete a\u00f1os debi\u00f3 esperar el pueblo argentino para que los rumores se transformen [&hellip;]<\/p>\n","protected":false},"author":41,"featured_media":140839,"comment_status":"open","ping_status":"open","sticky":false,"template":"","format":"standard","meta":[],"categories":[1],"tags":[68,852,880,28],"yst_prominent_words":[],"lang":"ar","translations":{"ar":140838},"pll_sync_post":[],"_links":{"self":[{"href":"https:\/\/contenidos.vip\/mastenis\/wp-json\/wp\/v2\/posts\/140838"}],"collection":[{"href":"https:\/\/contenidos.vip\/mastenis\/wp-json\/wp\/v2\/posts"}],"about":[{"href":"https:\/\/contenidos.vip\/mastenis\/wp-json\/wp\/v2\/types\/post"}],"author":[{"embeddable":true,"href":"https:\/\/contenidos.vip\/mastenis\/wp-json\/wp\/v2\/users\/41"}],"replies":[{"embeddable":true,"href":"https:\/\/contenidos.vip\/mastenis\/wp-json\/wp\/v2\/comments?post=140838"}],"version-history":[{"count":1,"href":"https:\/\/contenidos.vip\/mastenis\/wp-json\/wp\/v2\/posts\/140838\/revisions"}],"predecessor-version":[{"id":140840,"href":"https:\/\/contenidos.vip\/mastenis\/wp-json\/wp\/v2\/posts\/140838\/revisions\/140840"}],"wp:featuredmedia":[{"embeddable":true,"href":"https:\/\/contenidos.vip\/mastenis\/wp-json\/wp\/v2\/media\/140839"}],"wp:attachment":[{"href":"https:\/\/contenidos.vip\/mastenis\/wp-json\/wp\/v2\/media?parent=140838"}],"wp:term":[{"taxonomy":"category","embeddable":true,"href":"https:\/\/contenidos.vip\/mastenis\/wp-json\/wp\/v2\/categories?post=140838"},{"taxonomy":"post_tag","embeddable":true,"href":"https:\/\/contenidos.vip\/mastenis\/wp-json\/wp\/v2\/tags?post=140838"},{"taxonomy":"yst_prominent_words","embeddable":true,"href":"https:\/\/contenidos.vip\/mastenis\/wp-json\/wp\/v2\/yst_prominent_words?post=140838"}],"curies":[{"name":"wp","href":"https:\/\/api.w.org\/{rel}","templated":true}]}}