{"id":140818,"date":"2019-07-21T22:27:28","date_gmt":"2019-07-22T01:27:28","guid":{"rendered":"https:\/\/contenidos.vip\/mastenis\/?p=140818"},"modified":"2019-07-21T22:27:28","modified_gmt":"2019-07-22T01:27:28","slug":"lajovic-consiguio-su-primer-titulo-profesional-en-umag","status":"publish","type":"post","link":"https:\/\/contenidos.vip\/mastenis\/ar\/2019\/07\/21\/lajovic-consiguio-su-primer-titulo-profesional-en-umag\/","title":{"rendered":"Lajovic consigui\u00f3 su primer t\u00edtulo profesional en Umag"},"content":{"rendered":"<h3>El serbio conquist\u00f3 tierras croatas tras vencer en la definici\u00f3n al h\u00fangaro Balazs en sets corridos.<\/h3>\n<p>Este 2019 es un a\u00f1o de muchos debutantes en primeros t\u00edtulos a nivel profesional en el mundo del tenis. Y este domingo a uno de los que le toc\u00f3 ser part\u00edcipe de esta lista fue al serbio Dusan Lajovic, quien tras derrotar por 7-5 y 7-5 al h\u00fangaro Attila Balazs, se hizo due\u00f1o de Umag, en Croacia, para alzar su primer trofeo en el mundo de elite del deporte blanco.<\/p>\n<p>Jugando una semana incre\u00edble de tenis, en donde derrot\u00f3 a rivales de la talla del ruso Andrey Rublev y a un complicado eslovaco como lo es Aljaz Bedene cada vez que juega un certamen sobre polvo de ladrillo, Lajovic se hizo due\u00f1o de todas las miradas en la final, ya que su pergamino de la temporada, en donde contabiliza la final del Masters 1000 de Montecarlo como m\u00e1xima premisa, y su rival h\u00fangaro proven\u00eda de la Qualy, por lo que su superioridad en los papeles era ampliamente favorable para su lado.<\/p>\n<p>Con una victoria en sets corridos, el serbio, establecido definitivamente en el Top 30 mundial, conquist\u00f3 su primer trofeo a nivel profesional en el mundo ATP y se asegur\u00f3, adem\u00e1s, un cheque de \u20ac90.390 y 250 puntos para su ranking, lo que lo posicionar\u00e1, desde ma\u00f1ana lunes, como el n\u00famero veintis\u00e9is del planeta.<\/p>\n<p><iframe width=\"640\" height=\"360\" src=\"https:\/\/www.youtube.com\/embed\/0qqrbhw6IL0?feature=oembed\" frameborder=\"0\" allow=\"accelerometer; autoplay; encrypted-media; gyroscope; picture-in-picture\" allowfullscreen><\/iframe><\/p>\n","protected":false},"excerpt":{"rendered":"<p>El serbio conquist\u00f3 tierras croatas tras vencer en la definici\u00f3n al h\u00fangaro Balazs en sets corridos. Este 2019 es un a\u00f1o de muchos debutantes en primeros t\u00edtulos a nivel profesional en el mundo del tenis. Y este domingo a uno de los que le toc\u00f3 ser part\u00edcipe de esta lista fue al serbio Dusan Lajovic, [&hellip;]<\/p>\n","protected":false},"author":41,"featured_media":140819,"comment_status":"open","ping_status":"open","sticky":false,"template":"","format":"standard","meta":[],"categories":[1],"tags":[875,700,778,215,870],"yst_prominent_words":[],"lang":"ar","translations":{"ar":140818},"pll_sync_post":[],"_links":{"self":[{"href":"https:\/\/contenidos.vip\/mastenis\/wp-json\/wp\/v2\/posts\/140818"}],"collection":[{"href":"https:\/\/contenidos.vip\/mastenis\/wp-json\/wp\/v2\/posts"}],"about":[{"href":"https:\/\/contenidos.vip\/mastenis\/wp-json\/wp\/v2\/types\/post"}],"author":[{"embeddable":true,"href":"https:\/\/contenidos.vip\/mastenis\/wp-json\/wp\/v2\/users\/41"}],"replies":[{"embeddable":true,"href":"https:\/\/contenidos.vip\/mastenis\/wp-json\/wp\/v2\/comments?post=140818"}],"version-history":[{"count":1,"href":"https:\/\/contenidos.vip\/mastenis\/wp-json\/wp\/v2\/posts\/140818\/revisions"}],"predecessor-version":[{"id":140820,"href":"https:\/\/contenidos.vip\/mastenis\/wp-json\/wp\/v2\/posts\/140818\/revisions\/140820"}],"wp:featuredmedia":[{"embeddable":true,"href":"https:\/\/contenidos.vip\/mastenis\/wp-json\/wp\/v2\/media\/140819"}],"wp:attachment":[{"href":"https:\/\/contenidos.vip\/mastenis\/wp-json\/wp\/v2\/media?parent=140818"}],"wp:term":[{"taxonomy":"category","embeddable":true,"href":"https:\/\/contenidos.vip\/mastenis\/wp-json\/wp\/v2\/categories?post=140818"},{"taxonomy":"post_tag","embeddable":true,"href":"https:\/\/contenidos.vip\/mastenis\/wp-json\/wp\/v2\/tags?post=140818"},{"taxonomy":"yst_prominent_words","embeddable":true,"href":"https:\/\/contenidos.vip\/mastenis\/wp-json\/wp\/v2\/yst_prominent_words?post=140818"}],"curies":[{"name":"wp","href":"https:\/\/api.w.org\/{rel}","templated":true}]}}