{"id":139995,"date":"2019-05-07T00:05:20","date_gmt":"2019-05-07T03:05:20","guid":{"rendered":"https:\/\/contenidos.vip\/mastenis\/?p=139995"},"modified":"2019-05-07T00:05:20","modified_gmt":"2019-05-07T03:05:20","slug":"el-ranking-de-la-semana","status":"publish","type":"post","link":"https:\/\/contenidos.vip\/mastenis\/ar\/2019\/05\/07\/el-ranking-de-la-semana\/","title":{"rendered":"El ranking de la semana"},"content":{"rendered":"<h3>Sin grandes novedades en los puestos Top, el avance del chileno Gar\u00edn tras su t\u00edtulo en Munich es lo m\u00e1s trascendente del nuevo ranking publicado por la ATP en su p\u00e1gina oficial.<\/h3>\n<p>El nuevo ranking de la ATP se public\u00f3 este lunes en la p\u00e1gina oficial del ente regulador del tenis masculino y en los puestos m\u00e1s importantes los cambios son intrascendentes, ya que Novak Djokovic contin\u00faa en soledad en la cima, escoltado por Rafael Nadal y ahora acompa\u00f1ado en el podio por el suizo Roger Federer, quien consigui\u00f3 ese puesto en el trinomio de liderazgo tras la derrota sufrida por Alexander Zverev en los cuartos de final de Munich y por la no revalidaci\u00f3n de su t\u00edtulo all\u00ed en el 2018.<\/p>\n<p>Siguiendo en el hilo conductor de los puestos de vanguardia, hubo otro cambio dentro de los Top 10 tras el t\u00edtulo de Stefanos Tsitsipas en Estoril, ya que el griego trep\u00f3 un lugar en el escalaf\u00f3n y removi\u00f3 del noveno puesto al estadounidense John Isner, quien no disputa un certamen desde Miami, hace m\u00e1s de un mes atr\u00e1s.<\/p>\n<p>Sin embargo, el cambio positivo m\u00e1s grande en los puestos que rigen el sistema de entradas de los torneos a nivel mundial fue el ascenso del chileno Christian Gar\u00edn, quien tras su conquista en el certamen alem\u00e1n de Munich, donde venci\u00f3, entre otros, a Diego Schwartzman y a Alexander Zverev en su camino al t\u00edtulo, subi\u00f3 catorce puestos y se coloc\u00f3 como el nuevo treinta y tres del mundo, consiguiendo as\u00ed su mejor ranking en toda su vida como profesional.<\/p>\n<p>Luego, el otro ascenso que compete a los sudamericanos y que es un gran avance tambi\u00e9n para su confianza es el conseguido por Pablo Cuevas. El uruguayo, quien alcanz\u00f3 la definici\u00f3n en Estoril y no pudo con el griego Tsitsipas en la misma, trep\u00f3 hasta la posici\u00f3n cincuenta y uno y qued\u00f3 en la puerta del Top 50, teniendo pocos resultados para defender de ac\u00e1 en m\u00e1s en lo que resta de la temporada sobre polvo de ladrillo en Europa.<\/p>\n","protected":false},"excerpt":{"rendered":"<p>Sin grandes novedades en los puestos Top, el avance del chileno Gar\u00edn tras su t\u00edtulo en Munich es lo m\u00e1s trascendente del nuevo ranking publicado por la ATP en su p\u00e1gina oficial. El nuevo ranking de la ATP se public\u00f3 este lunes en la p\u00e1gina oficial del ente regulador del tenis masculino y en los [&hellip;]<\/p>\n","protected":false},"author":41,"featured_media":139996,"comment_status":"open","ping_status":"open","sticky":false,"template":"","format":"standard","meta":[],"categories":[1],"tags":[656,52,33,28,41],"yst_prominent_words":[],"lang":"ar","translations":{"ar":139995},"pll_sync_post":[],"_links":{"self":[{"href":"https:\/\/contenidos.vip\/mastenis\/wp-json\/wp\/v2\/posts\/139995"}],"collection":[{"href":"https:\/\/contenidos.vip\/mastenis\/wp-json\/wp\/v2\/posts"}],"about":[{"href":"https:\/\/contenidos.vip\/mastenis\/wp-json\/wp\/v2\/types\/post"}],"author":[{"embeddable":true,"href":"https:\/\/contenidos.vip\/mastenis\/wp-json\/wp\/v2\/users\/41"}],"replies":[{"embeddable":true,"href":"https:\/\/contenidos.vip\/mastenis\/wp-json\/wp\/v2\/comments?post=139995"}],"version-history":[{"count":1,"href":"https:\/\/contenidos.vip\/mastenis\/wp-json\/wp\/v2\/posts\/139995\/revisions"}],"predecessor-version":[{"id":139997,"href":"https:\/\/contenidos.vip\/mastenis\/wp-json\/wp\/v2\/posts\/139995\/revisions\/139997"}],"wp:featuredmedia":[{"embeddable":true,"href":"https:\/\/contenidos.vip\/mastenis\/wp-json\/wp\/v2\/media\/139996"}],"wp:attachment":[{"href":"https:\/\/contenidos.vip\/mastenis\/wp-json\/wp\/v2\/media?parent=139995"}],"wp:term":[{"taxonomy":"category","embeddable":true,"href":"https:\/\/contenidos.vip\/mastenis\/wp-json\/wp\/v2\/categories?post=139995"},{"taxonomy":"post_tag","embeddable":true,"href":"https:\/\/contenidos.vip\/mastenis\/wp-json\/wp\/v2\/tags?post=139995"},{"taxonomy":"yst_prominent_words","embeddable":true,"href":"https:\/\/contenidos.vip\/mastenis\/wp-json\/wp\/v2\/yst_prominent_words?post=139995"}],"curies":[{"name":"wp","href":"https:\/\/api.w.org\/{rel}","templated":true}]}}