{"id":139939,"date":"2019-05-03T11:11:17","date_gmt":"2019-05-03T14:11:17","guid":{"rendered":"https:\/\/contenidos.vip\/mastenis\/?p=139939"},"modified":"2019-05-03T11:11:17","modified_gmt":"2019-05-03T14:11:17","slug":"el-yaca-out-de-estoril","status":"publish","type":"post","link":"https:\/\/contenidos.vip\/mastenis\/ar\/2019\/05\/03\/el-yaca-out-de-estoril\/","title":{"rendered":"El Yaca, out de Estoril"},"content":{"rendered":"<h3>Mayer cay\u00f3 en la segunda instancia del certamen portugu\u00e9s ante Jaziri y ya no quedan argentinos en el cuadro principal del mismo.<\/h3>\n<p>Leonardo Mayer ven\u00eda de tener una producci\u00f3n alt\u00edsima hace algunos d\u00edas ante Rafael Nadal en el Conde de God\u00f3, sin embrago, el correntino no pudo mantener el nivel esta semana en Estoril y cay\u00f3 por 7-6 (2) y 6-1 ante Malek Jaziri en los octavos de final del evento portugu\u00e9s, cuesti\u00f3n que dej\u00f3 sin participaci\u00f3n de tenistas argentos en el cuadro principal.<\/p>\n<p>El Yacar\u00e9 est\u00e1 viviendo un a\u00f1o de rendimientos encontrados, ya que consigue muy buenas victorias o buenas sensaciones durante una semana, pero eso no lo puede plasmar a la siguiente en el calendario y queda el sabor amargo de entender que est\u00e1 para m\u00e1s pero que le est\u00e1 costando quebrar esa barrera de rendimientos s\u00f3lidos constantes, algo que si pudo en esta temporada, por ejemplo, su compatriota Guido Pella.<\/p>\n<p>Jaziri, su vencedor, a diferencia de Mayer, durante toda esta temporada tuvo un andar muy flojo, sobre todo en polvo de ladrillo. No obstante, ayer no tuvo mayores inconvenientes para deshacerse del correntino y ahora, en los cuartos de final, ir\u00e1 ante el belga David Goffin por un lugar en las semifinales.<\/p>\n","protected":false},"excerpt":{"rendered":"<p>Mayer cay\u00f3 en la segunda instancia del certamen portugu\u00e9s ante Jaziri y ya no quedan argentinos en el cuadro principal del mismo. Leonardo Mayer ven\u00eda de tener una producci\u00f3n alt\u00edsima hace algunos d\u00edas ante Rafael Nadal en el Conde de God\u00f3, sin embrago, el correntino no pudo mantener el nivel esta semana en Estoril y [&hellip;]<\/p>\n","protected":false},"author":41,"featured_media":139940,"comment_status":"open","ping_status":"open","sticky":false,"template":"","format":"standard","meta":[],"categories":[1],"tags":[624,780,23,787,215],"yst_prominent_words":[],"lang":"ar","translations":{"ar":139939},"pll_sync_post":[],"_links":{"self":[{"href":"https:\/\/contenidos.vip\/mastenis\/wp-json\/wp\/v2\/posts\/139939"}],"collection":[{"href":"https:\/\/contenidos.vip\/mastenis\/wp-json\/wp\/v2\/posts"}],"about":[{"href":"https:\/\/contenidos.vip\/mastenis\/wp-json\/wp\/v2\/types\/post"}],"author":[{"embeddable":true,"href":"https:\/\/contenidos.vip\/mastenis\/wp-json\/wp\/v2\/users\/41"}],"replies":[{"embeddable":true,"href":"https:\/\/contenidos.vip\/mastenis\/wp-json\/wp\/v2\/comments?post=139939"}],"version-history":[{"count":1,"href":"https:\/\/contenidos.vip\/mastenis\/wp-json\/wp\/v2\/posts\/139939\/revisions"}],"predecessor-version":[{"id":139941,"href":"https:\/\/contenidos.vip\/mastenis\/wp-json\/wp\/v2\/posts\/139939\/revisions\/139941"}],"wp:featuredmedia":[{"embeddable":true,"href":"https:\/\/contenidos.vip\/mastenis\/wp-json\/wp\/v2\/media\/139940"}],"wp:attachment":[{"href":"https:\/\/contenidos.vip\/mastenis\/wp-json\/wp\/v2\/media?parent=139939"}],"wp:term":[{"taxonomy":"category","embeddable":true,"href":"https:\/\/contenidos.vip\/mastenis\/wp-json\/wp\/v2\/categories?post=139939"},{"taxonomy":"post_tag","embeddable":true,"href":"https:\/\/contenidos.vip\/mastenis\/wp-json\/wp\/v2\/tags?post=139939"},{"taxonomy":"yst_prominent_words","embeddable":true,"href":"https:\/\/contenidos.vip\/mastenis\/wp-json\/wp\/v2\/yst_prominent_words?post=139939"}],"curies":[{"name":"wp","href":"https:\/\/api.w.org\/{rel}","templated":true}]}}