{"id":139763,"date":"2019-04-22T10:56:59","date_gmt":"2019-04-22T13:56:59","guid":{"rendered":"https:\/\/contenidos.vip\/mastenis\/?p=139763"},"modified":"2019-04-22T10:56:59","modified_gmt":"2019-04-22T13:56:59","slug":"hungria-recibe-al-tenis-en-budapest","status":"publish","type":"post","link":"https:\/\/contenidos.vip\/mastenis\/ar\/2019\/04\/22\/hungria-recibe-al-tenis-en-budapest\/","title":{"rendered":"Hungr\u00eda recibe al tenis en Budapest"},"content":{"rendered":"<h3>Con los croatas Cilic y Coric como m\u00e1ximas figuras, el Hungary Open le da la bienvenida al tenis m\u00e1s alto del mundo. Tambi\u00e9n contar\u00e1 con la presencia del reciente finalista de Montecarlo, el serbio Lajovic.<\/h3>\n<p>El ATP 250 de Hungr\u00eda est\u00e1 en gateras para comenzar su cuadro principal, que fue sorteado hace algunos d\u00edas y que contar\u00e1 con la presencia de Marin Cilic, n\u00famero once del mundo, y Borna Coric, quince del ranking, como atractivos m\u00e1s grandes.<\/p>\n<p>El n\u00famero uno del torneo, Cilic, se ver\u00e1 las caras en la segunda vuelta, momento de su debut, ante el uruguayo Pablo Cuevas o el alem\u00e1n Yannick Maden, proveniente de la clasificaci\u00f3n. Coric, segundo cabeza de serie, por su parte, har\u00e1 su presentaci\u00f3n ante el triunfador del duelo que protagonizar\u00e1n el holand\u00e9s Robin Haase y el italiano Thomas Fabbiano.<\/p>\n<p>Adem\u00e1s de las grandes figuras croatas, el torneo tendr\u00e1 la presencia del reciente finalista de Montecarlo, el serbio Dusan Lajovic, quien intentar\u00e1 dar su primer paso positivo cuando se enfrente al local e invitado especial de la organizaci\u00f3n Mate Valkusz.<\/p>\n<p>No menos importante es la presencia del italiano Marco Cecchinato en el cuadro principal. El italiano, campe\u00f3n en Buenos Aires en este 2019, har\u00e1 su debut en la segunda ronda, ante el vencedor del encuentro que enfrentar\u00e1 al franc\u00e9s Pierre-Hugues Herbert, de buena semana en Montecarlo, y el bosnio Damir Dzunhur.<\/p>\n<p>El <a href=\"http:\/\/www.protennislive.com\/posting\/2019\/7648\/mds.pdf\">Cuadro Principal del Hungary Open<\/a>.<\/p>\n","protected":false},"excerpt":{"rendered":"<p>Con los croatas Cilic y Coric como m\u00e1ximas figuras, el Hungary Open le da la bienvenida al tenis m\u00e1s alto del mundo. Tambi\u00e9n contar\u00e1 con la presencia del reciente finalista de Montecarlo, el serbio Lajovic. El ATP 250 de Hungr\u00eda est\u00e1 en gateras para comenzar su cuadro principal, que fue sorteado hace algunos d\u00edas y [&hellip;]<\/p>\n","protected":false},"author":41,"featured_media":139764,"comment_status":"open","ping_status":"open","sticky":false,"template":"","format":"standard","meta":[],"categories":[1],"tags":[62,766,765,143,215],"yst_prominent_words":[],"lang":"ar","translations":{"ar":139763},"pll_sync_post":[],"_links":{"self":[{"href":"https:\/\/contenidos.vip\/mastenis\/wp-json\/wp\/v2\/posts\/139763"}],"collection":[{"href":"https:\/\/contenidos.vip\/mastenis\/wp-json\/wp\/v2\/posts"}],"about":[{"href":"https:\/\/contenidos.vip\/mastenis\/wp-json\/wp\/v2\/types\/post"}],"author":[{"embeddable":true,"href":"https:\/\/contenidos.vip\/mastenis\/wp-json\/wp\/v2\/users\/41"}],"replies":[{"embeddable":true,"href":"https:\/\/contenidos.vip\/mastenis\/wp-json\/wp\/v2\/comments?post=139763"}],"version-history":[{"count":1,"href":"https:\/\/contenidos.vip\/mastenis\/wp-json\/wp\/v2\/posts\/139763\/revisions"}],"predecessor-version":[{"id":139765,"href":"https:\/\/contenidos.vip\/mastenis\/wp-json\/wp\/v2\/posts\/139763\/revisions\/139765"}],"wp:featuredmedia":[{"embeddable":true,"href":"https:\/\/contenidos.vip\/mastenis\/wp-json\/wp\/v2\/media\/139764"}],"wp:attachment":[{"href":"https:\/\/contenidos.vip\/mastenis\/wp-json\/wp\/v2\/media?parent=139763"}],"wp:term":[{"taxonomy":"category","embeddable":true,"href":"https:\/\/contenidos.vip\/mastenis\/wp-json\/wp\/v2\/categories?post=139763"},{"taxonomy":"post_tag","embeddable":true,"href":"https:\/\/contenidos.vip\/mastenis\/wp-json\/wp\/v2\/tags?post=139763"},{"taxonomy":"yst_prominent_words","embeddable":true,"href":"https:\/\/contenidos.vip\/mastenis\/wp-json\/wp\/v2\/yst_prominent_words?post=139763"}],"curies":[{"name":"wp","href":"https:\/\/api.w.org\/{rel}","templated":true}]}}