{"id":139755,"date":"2019-04-22T00:03:56","date_gmt":"2019-04-22T03:03:56","guid":{"rendered":"https:\/\/contenidos.vip\/mastenis\/?p=139755"},"modified":"2019-04-22T00:05:41","modified_gmt":"2019-04-22T03:05:41","slug":"feliz-cumpleanos-sascha","status":"publish","type":"post","link":"https:\/\/contenidos.vip\/mastenis\/ar\/2019\/04\/22\/feliz-cumpleanos-sascha\/","title":{"rendered":"Feliz cumplea\u00f1os, Sascha"},"content":{"rendered":"<h3>El n\u00famero tres del mundo cumpli\u00f3 veintid\u00f3s a\u00f1os este s\u00e1bado y los recibi\u00f3 desde Barcelona, donde ser\u00e1 el segundo cabeza de serie del torneo.<\/h3>\n<p>Si en tenis se hacen an\u00e1lisis de c\u00f3mo deber\u00edan ir evolucionando los j\u00f3venes dentro del circuito ATP, la carrera de Alexander Zverev deber\u00eda ser tomada como el claro ejemplo de que, m\u00e1s all\u00e1 de que los pasos parezcan agigantados, se dan siempre en un orden cronol\u00f3gico y con cierta madurez mental y f\u00edsica.<\/p>\n<p>Este s\u00e1bado, apostado en Barcelona, donde aguarda como el segundo favorito del certamen el debut en el cuadro principal, el n\u00famero tres del mundo y quien est\u00e1 establecido entre los mejores diez del planeta desde hace casi dos a\u00f1os, cumpli\u00f3 apenas veintid\u00f3s a\u00f1os de edad, lo que lo hace ser, entre los tenistas Top del momento, el m\u00e1s joven en ubicarse en el Top 5 del escalaf\u00f3n mundial, hecho que posee desde finales de la temporada 2017 y que nunca solt\u00f3.<\/p>\n<p>Con tan solo esa edad, el alem\u00e1n ya conquist\u00f3 un Torneo de Maestros, tres Masters 1000, un total de diez t\u00edtulos en el Tour y est\u00e1 a punto de alcanzar las doscientas victorias oficiales en su carrera, lo que lo llevan a ser digno de la posici\u00f3n que ocupa hoy en el mundillo del tenis.<\/p>\n<p>Desde M\u00e1s Tenis le deseamos lo mejor a este colosal tenista y un gran feliz cumplea\u00f1os. \u00a1Felicidades Sascha!<\/p>\n<p><iframe width=\"640\" height=\"360\" src=\"https:\/\/www.youtube.com\/embed\/qtOvpA-tjBM?feature=oembed\" frameborder=\"0\" allow=\"accelerometer; autoplay; encrypted-media; gyroscope; picture-in-picture\" allowfullscreen><\/iframe><\/p>\n<p>&nbsp;<\/p>\n","protected":false},"excerpt":{"rendered":"<p>El n\u00famero tres del mundo cumpli\u00f3 veintid\u00f3s a\u00f1os este s\u00e1bado y los recibi\u00f3 desde Barcelona, donde ser\u00e1 el segundo cabeza de serie del torneo. Si en tenis se hacen an\u00e1lisis de c\u00f3mo deber\u00edan ir evolucionando los j\u00f3venes dentro del circuito ATP, la carrera de Alexander Zverev deber\u00eda ser tomada como el claro ejemplo de que, [&hellip;]<\/p>\n","protected":false},"author":41,"featured_media":139756,"comment_status":"open","ping_status":"open","sticky":false,"template":"","format":"standard","meta":[],"categories":[1],"tags":[63,764,763,215],"yst_prominent_words":[],"lang":"ar","translations":{"ar":139755},"pll_sync_post":[],"_links":{"self":[{"href":"https:\/\/contenidos.vip\/mastenis\/wp-json\/wp\/v2\/posts\/139755"}],"collection":[{"href":"https:\/\/contenidos.vip\/mastenis\/wp-json\/wp\/v2\/posts"}],"about":[{"href":"https:\/\/contenidos.vip\/mastenis\/wp-json\/wp\/v2\/types\/post"}],"author":[{"embeddable":true,"href":"https:\/\/contenidos.vip\/mastenis\/wp-json\/wp\/v2\/users\/41"}],"replies":[{"embeddable":true,"href":"https:\/\/contenidos.vip\/mastenis\/wp-json\/wp\/v2\/comments?post=139755"}],"version-history":[{"count":3,"href":"https:\/\/contenidos.vip\/mastenis\/wp-json\/wp\/v2\/posts\/139755\/revisions"}],"predecessor-version":[{"id":139759,"href":"https:\/\/contenidos.vip\/mastenis\/wp-json\/wp\/v2\/posts\/139755\/revisions\/139759"}],"wp:featuredmedia":[{"embeddable":true,"href":"https:\/\/contenidos.vip\/mastenis\/wp-json\/wp\/v2\/media\/139756"}],"wp:attachment":[{"href":"https:\/\/contenidos.vip\/mastenis\/wp-json\/wp\/v2\/media?parent=139755"}],"wp:term":[{"taxonomy":"category","embeddable":true,"href":"https:\/\/contenidos.vip\/mastenis\/wp-json\/wp\/v2\/categories?post=139755"},{"taxonomy":"post_tag","embeddable":true,"href":"https:\/\/contenidos.vip\/mastenis\/wp-json\/wp\/v2\/tags?post=139755"},{"taxonomy":"yst_prominent_words","embeddable":true,"href":"https:\/\/contenidos.vip\/mastenis\/wp-json\/wp\/v2\/yst_prominent_words?post=139755"}],"curies":[{"name":"wp","href":"https:\/\/api.w.org\/{rel}","templated":true}]}}