{"id":139296,"date":"2019-03-17T00:11:30","date_gmt":"2019-03-17T03:11:30","guid":{"rendered":"https:\/\/contenidos.vip\/mastenis\/?p=139296"},"modified":"2019-03-17T00:11:30","modified_gmt":"2019-03-17T03:11:30","slug":"thiem-a-la-final","status":"publish","type":"post","link":"https:\/\/contenidos.vip\/mastenis\/ar\/2019\/03\/17\/thiem-a-la-final\/","title":{"rendered":"Thiem a la final"},"content":{"rendered":"<h3>El n\u00famero ocho del mundo derrot\u00f3 en tres sets al canadiense Raonic y se clasific\u00f3 al choque decisivo, que jugar\u00e1 con Federer este domingo. Ser\u00e1 su tercera final en un evento Masters 1000.<\/h3>\n<p>Dominic Thiem ven\u00eda de un a\u00f1o bastante irregular. Sacando la semana en Buenos Aires, donde alcanz\u00f3 las semifinales y tuvo un gran duelo con Digeo Schwartzman, el austriaco no pod\u00eda dar pie con bola tras sus problemas f\u00edsicos y su falta de ritmo. Sin embargo, en Indian Wells parece haber recobrado la memoria y la confianza y este s\u00e1bado, demostr\u00f3 que est\u00e1 para grandes cosas. Con parciales de 7-6, 6-7 y 6-4 venci\u00f3 a Milos Raonic y se clasific\u00f3 a la definici\u00f3n del primer Masters 1000 de la temporada.<\/p>\n<p>El n\u00famero ocho del mundo, que de a ratos le dio una lecci\u00f3n de tenis desde el fondo de la cancha a Raonic y vislumbr\u00f3 a todos los presentes con la calidad de sus grandes reveses, se meti\u00f3 en la definici\u00f3n de un certamen Masters 1000 por tercera vez en su vida, tras las logradas en el 2017 y en el 2018 en el certamen de Madrid, donde cay\u00f3 ante Rafael Nadal y Aleander Zverev, respectivamente.<\/p>\n<p>Ma\u00f1ana, en el choque decisivo ir\u00e1 ante el n\u00famero tres del planeta, el suizo Roger Federer, quien venci\u00f3 a Nadal por no presentaci\u00f3n del espa\u00f1ol y buscar\u00e1 alzar su sexto t\u00edtulo en Indian Wells. Para Thiem, esta semana siginificar\u00e1 su gran reinserci\u00f3n en el Tour ATP de elite, algo que desde la temporada pasada parec\u00eda no estar dentro de sus par\u00e1metros.<\/p>\n<p>Lo mejor de la victoria de Thiem sobre Raonic:<\/p>\n<p><iframe width=\"640\" height=\"360\" src=\"https:\/\/www.youtube.com\/embed\/wjM7rywomkA?feature=oembed\" frameborder=\"0\" allow=\"accelerometer; autoplay; encrypted-media; gyroscope; picture-in-picture\" allowfullscreen><\/iframe><\/p>\n<p>&nbsp;<\/p>\n","protected":false},"excerpt":{"rendered":"<p>El n\u00famero ocho del mundo derrot\u00f3 en tres sets al canadiense Raonic y se clasific\u00f3 al choque decisivo, que jugar\u00e1 con Federer este domingo. Ser\u00e1 su tercera final en un evento Masters 1000. Dominic Thiem ven\u00eda de un a\u00f1o bastante irregular. Sacando la semana en Buenos Aires, donde alcanz\u00f3 las semifinales y tuvo un gran [&hellip;]<\/p>\n","protected":false},"author":41,"featured_media":139297,"comment_status":"open","ping_status":"open","sticky":false,"template":"","format":"standard","meta":[],"categories":[1],"tags":[258,193,28,215,388],"yst_prominent_words":[],"lang":"ar","translations":{"ar":139296},"pll_sync_post":[],"_links":{"self":[{"href":"https:\/\/contenidos.vip\/mastenis\/wp-json\/wp\/v2\/posts\/139296"}],"collection":[{"href":"https:\/\/contenidos.vip\/mastenis\/wp-json\/wp\/v2\/posts"}],"about":[{"href":"https:\/\/contenidos.vip\/mastenis\/wp-json\/wp\/v2\/types\/post"}],"author":[{"embeddable":true,"href":"https:\/\/contenidos.vip\/mastenis\/wp-json\/wp\/v2\/users\/41"}],"replies":[{"embeddable":true,"href":"https:\/\/contenidos.vip\/mastenis\/wp-json\/wp\/v2\/comments?post=139296"}],"version-history":[{"count":1,"href":"https:\/\/contenidos.vip\/mastenis\/wp-json\/wp\/v2\/posts\/139296\/revisions"}],"predecessor-version":[{"id":139298,"href":"https:\/\/contenidos.vip\/mastenis\/wp-json\/wp\/v2\/posts\/139296\/revisions\/139298"}],"wp:featuredmedia":[{"embeddable":true,"href":"https:\/\/contenidos.vip\/mastenis\/wp-json\/wp\/v2\/media\/139297"}],"wp:attachment":[{"href":"https:\/\/contenidos.vip\/mastenis\/wp-json\/wp\/v2\/media?parent=139296"}],"wp:term":[{"taxonomy":"category","embeddable":true,"href":"https:\/\/contenidos.vip\/mastenis\/wp-json\/wp\/v2\/categories?post=139296"},{"taxonomy":"post_tag","embeddable":true,"href":"https:\/\/contenidos.vip\/mastenis\/wp-json\/wp\/v2\/tags?post=139296"},{"taxonomy":"yst_prominent_words","embeddable":true,"href":"https:\/\/contenidos.vip\/mastenis\/wp-json\/wp\/v2\/yst_prominent_words?post=139296"}],"curies":[{"name":"wp","href":"https:\/\/api.w.org\/{rel}","templated":true}]}}