{"id":139143,"date":"2019-03-05T13:40:57","date_gmt":"2019-03-05T16:40:57","guid":{"rendered":"https:\/\/contenidos.vip\/mastenis\/?p=139143"},"modified":"2019-03-05T13:40:57","modified_gmt":"2019-03-05T16:40:57","slug":"dia-internacional-del-tenis","status":"publish","type":"post","link":"https:\/\/contenidos.vip\/mastenis\/ar\/2019\/03\/05\/dia-internacional-del-tenis\/","title":{"rendered":"D\u00eda Internacional del Tenis"},"content":{"rendered":"<h3>Ayer se celebr\u00f3 el d\u00eda internacional del tenis alrededor del mundo. \u00a1Feliz d\u00eda para todos!<\/h3>\n<p>El 4 de marzo, desde 2013, por una iniciativa de la ITF (Federaci\u00f3n Internacional del Tenis), se celebra el d\u00eda internacional del deporte blanco alrededor de todo el mundo.<\/p>\n<p>Todos los a\u00f1os, algunos tenistas, coinciden en alg\u00fan punto en com\u00fan para hacer el festejo merecido, tal como pas\u00f3 en a\u00f1os anteriores con Juan Mart\u00edn del Potro y Rafael Nadal en el Madison Square Garden o mismo en el mismo escenario, a\u00f1os despu\u00e9s con Roger Federer y Grigor Dimitrov.<\/p>\n<p>Desde todos los que integramos M\u00e1s Tenis, les deseamos a todos un feliz d\u00eda del Tenis y que sigan disfrutando y amando este deporte tan sano y hermoso con la misma pasi\u00f3n de siempre. Nosotros, desde nuestro lugar, les llevaremos las noticias al instante como siempre, con la m\u00e1xima dedicaci\u00f3n y el mayor profesionalismo.<\/p>\n<p>&nbsp;<\/p>\n","protected":false},"excerpt":{"rendered":"<p>Ayer se celebr\u00f3 el d\u00eda internacional del tenis alrededor del mundo. \u00a1Feliz d\u00eda para todos! El 4 de marzo, desde 2013, por una iniciativa de la ITF (Federaci\u00f3n Internacional del Tenis), se celebra el d\u00eda internacional del deporte blanco alrededor de todo el mundo. Todos los a\u00f1os, algunos tenistas, coinciden en alg\u00fan punto en com\u00fan [&hellip;]<\/p>\n","protected":false},"author":41,"featured_media":139144,"comment_status":"open","ping_status":"open","sticky":false,"template":"","format":"standard","meta":[],"categories":[1],"tags":[663,401,267,215],"yst_prominent_words":[],"lang":"ar","translations":{"ar":139143},"pll_sync_post":[],"_links":{"self":[{"href":"https:\/\/contenidos.vip\/mastenis\/wp-json\/wp\/v2\/posts\/139143"}],"collection":[{"href":"https:\/\/contenidos.vip\/mastenis\/wp-json\/wp\/v2\/posts"}],"about":[{"href":"https:\/\/contenidos.vip\/mastenis\/wp-json\/wp\/v2\/types\/post"}],"author":[{"embeddable":true,"href":"https:\/\/contenidos.vip\/mastenis\/wp-json\/wp\/v2\/users\/41"}],"replies":[{"embeddable":true,"href":"https:\/\/contenidos.vip\/mastenis\/wp-json\/wp\/v2\/comments?post=139143"}],"version-history":[{"count":1,"href":"https:\/\/contenidos.vip\/mastenis\/wp-json\/wp\/v2\/posts\/139143\/revisions"}],"predecessor-version":[{"id":139145,"href":"https:\/\/contenidos.vip\/mastenis\/wp-json\/wp\/v2\/posts\/139143\/revisions\/139145"}],"wp:featuredmedia":[{"embeddable":true,"href":"https:\/\/contenidos.vip\/mastenis\/wp-json\/wp\/v2\/media\/139144"}],"wp:attachment":[{"href":"https:\/\/contenidos.vip\/mastenis\/wp-json\/wp\/v2\/media?parent=139143"}],"wp:term":[{"taxonomy":"category","embeddable":true,"href":"https:\/\/contenidos.vip\/mastenis\/wp-json\/wp\/v2\/categories?post=139143"},{"taxonomy":"post_tag","embeddable":true,"href":"https:\/\/contenidos.vip\/mastenis\/wp-json\/wp\/v2\/tags?post=139143"},{"taxonomy":"yst_prominent_words","embeddable":true,"href":"https:\/\/contenidos.vip\/mastenis\/wp-json\/wp\/v2\/yst_prominent_words?post=139143"}],"curies":[{"name":"wp","href":"https:\/\/api.w.org\/{rel}","templated":true}]}}