{"id":139014,"date":"2019-02-22T11:03:15","date_gmt":"2019-02-22T14:03:15","guid":{"rendered":"https:\/\/contenidos.vip\/mastenis\/?p=139014"},"modified":"2019-02-22T11:03:15","modified_gmt":"2019-02-22T14:03:15","slug":"el-open-de-rio-sin-favoritos","status":"publish","type":"post","link":"https:\/\/contenidos.vip\/mastenis\/ar\/2019\/02\/22\/el-open-de-rio-sin-favoritos\/","title":{"rendered":"El Open de R\u00edo, sin favoritos"},"content":{"rendered":"<h3>A las bajas multitudinarias en la primera ronda, ayer se le sum\u00f3 la de Souza, quien cay\u00f3 ante el joven Ruud en la segunda vuelta. Los cuartos de final del certamen brasile\u00f1o se jugar\u00e1n sin ninguno de sus preclasificados.<\/h3>\n<p>El R\u00edo Open, a estas alturas, parece un caos en su cuadro principal. Es que sus ocho cabezas de serie ya est\u00e1n fuera del certamen y, para los organizadores, m\u00e1s all\u00e1 de que hay jugadores de renombre y especialistas de la superficie como Pablo Cuevas, esto les resulta un problema. Ayer, por la segunda ronda, cay\u00f3 el \u00faltimo sobreviviente de los preclasificados, el portugu\u00e9s Joao Souza, quien se despidi\u00f3 tras caer por 6-3, 3-6 y 6-4 ante el noruego Casper Ruud.<\/p>\n<p>El joven n\u00f3rdico no tuvo problemas para despedir del certamen al verdugo del argentino Guido Pella en la primera rueda y, as\u00ed, se meti\u00f3 en los cuartos de final del evento, en donde se enfrentar\u00e1 al serbio Laslo Djere, quien venci\u00f3 al japon\u00e9s Taro Daniel en sets corridos.<\/p>\n<p>En los otros cuartos de final, sobresale el cruce que tendr\u00e1n el espa\u00f1ol Albert Ramos Vi\u00f1olas con el uruguayo Cuevas, campe\u00f3n del certamen en el 2016, y quien viene de eliminar a Diego Schwartzman, campe\u00f3n en R\u00edo en el 2018, y a Juan Ignacio Londero, campe\u00f3n del C\u00f3rdoba Open hace algunas semanas atr\u00e1s.<\/p>\n<p>Adem\u00e1s, completan los enfrentamientos del d\u00eda el que portagonizar\u00e1n el esloveno Aljaz Bedene y el boliviano Hugo Dellien y el del espa\u00f1ol Jaume Munar con la promesa canadiense de la pr\u00f3xima generaci\u00f3n del tenis, Felix Auger-Aliassime.<\/p>\n","protected":false},"excerpt":{"rendered":"<p>A las bajas multitudinarias en la primera ronda, ayer se le sum\u00f3 la de Souza, quien cay\u00f3 ante el joven Ruud en la segunda vuelta. Los cuartos de final del certamen brasile\u00f1o se jugar\u00e1n sin ninguno de sus preclasificados. El R\u00edo Open, a estas alturas, parece un caos en su cuadro principal. Es que sus [&hellip;]<\/p>\n","protected":false},"author":41,"featured_media":139015,"comment_status":"open","ping_status":"open","sticky":false,"template":"","format":"standard","meta":[],"categories":[1],"tags":[627,635,634,543,626],"yst_prominent_words":[],"lang":"ar","translations":{"ar":139014},"pll_sync_post":[],"_links":{"self":[{"href":"https:\/\/contenidos.vip\/mastenis\/wp-json\/wp\/v2\/posts\/139014"}],"collection":[{"href":"https:\/\/contenidos.vip\/mastenis\/wp-json\/wp\/v2\/posts"}],"about":[{"href":"https:\/\/contenidos.vip\/mastenis\/wp-json\/wp\/v2\/types\/post"}],"author":[{"embeddable":true,"href":"https:\/\/contenidos.vip\/mastenis\/wp-json\/wp\/v2\/users\/41"}],"replies":[{"embeddable":true,"href":"https:\/\/contenidos.vip\/mastenis\/wp-json\/wp\/v2\/comments?post=139014"}],"version-history":[{"count":1,"href":"https:\/\/contenidos.vip\/mastenis\/wp-json\/wp\/v2\/posts\/139014\/revisions"}],"predecessor-version":[{"id":139016,"href":"https:\/\/contenidos.vip\/mastenis\/wp-json\/wp\/v2\/posts\/139014\/revisions\/139016"}],"wp:featuredmedia":[{"embeddable":true,"href":"https:\/\/contenidos.vip\/mastenis\/wp-json\/wp\/v2\/media\/139015"}],"wp:attachment":[{"href":"https:\/\/contenidos.vip\/mastenis\/wp-json\/wp\/v2\/media?parent=139014"}],"wp:term":[{"taxonomy":"category","embeddable":true,"href":"https:\/\/contenidos.vip\/mastenis\/wp-json\/wp\/v2\/categories?post=139014"},{"taxonomy":"post_tag","embeddable":true,"href":"https:\/\/contenidos.vip\/mastenis\/wp-json\/wp\/v2\/tags?post=139014"},{"taxonomy":"yst_prominent_words","embeddable":true,"href":"https:\/\/contenidos.vip\/mastenis\/wp-json\/wp\/v2\/yst_prominent_words?post=139014"}],"curies":[{"name":"wp","href":"https:\/\/api.w.org\/{rel}","templated":true}]}}