{"id":138857,"date":"2019-02-11T14:15:50","date_gmt":"2019-02-11T17:15:50","guid":{"rendered":"https:\/\/contenidos.vip\/mastenis\/?p=138857"},"modified":"2019-02-11T11:22:51","modified_gmt":"2019-02-11T14:22:51","slug":"el-argentina-open-da-comienzo","status":"publish","type":"post","link":"https:\/\/contenidos.vip\/mastenis\/ar\/2019\/02\/11\/el-argentina-open-da-comienzo\/","title":{"rendered":"El Argentina Open da comienzo"},"content":{"rendered":"<h3>El certamen de la capital porte\u00f1a inicia su cuadro principal desde las 14.30. Destacan las presencias de Thiem, Fognini, Schwartzman, Cecchinato, Jarry y muchos m\u00e1s.<\/h3>\n<p>Como todos los a\u00f1os, durante la segunda o tercera semana de febrero, el Argentina Open llega al calendario ATP para\u00a0 ser protagonista en su semana dentro de la temporada ten\u00edstica. Y en su cuadro principal, el certamen porte\u00f1o contar\u00e1 con la presencia de figuras internacionales, tales como Dominic Thiem, Fabio Fognini, Marco Cecchinato y Diego Schwarztman.<\/p>\n<p>Tras haberse sorteado el draw el pasado s\u00e1bado, se dictaminaron los cruces de la primera instancia, en donde los cuatro tenistas nombrados anteriormente saldr\u00e1n adelantados en la primera fase por ser los primeros cuatro cabezas de serie.<\/p>\n<p>En cuanto a los duelos de primera vuelta, sobresalen algunos cruces y ciertos nombres, tales como el de David Ferrer, m\u00faltiple campe\u00f3n en Buenos Aires y ex tres del mundo, quien recibi\u00f3 la invitaci\u00f3n especial por parte de la organizaci\u00f3n para que la competencia forme parte de su gira despedida de Tour y que debutar\u00e1 ante el tunecino Malek Jaziri, octavo preclasificado. Adem\u00e1s, se destacan los duelos entre Juan Ignacio Londero, flamante campe\u00f3n del C\u00f3rdoba Open, ante el portugu\u00e9s Joao Souza, el del finalista del mismo certamen, Guido Pella, ante el invitado del evento Francisco Cerundolo y el del serbio Dusan Lajovic ante el local Leonardo Mayer.<\/p>\n<p>El cuadro principal iniciar\u00e1 desde las 14.30 de hoy con el match entre el chileno Nicolas Jarry y el italiano Lorenzo Sonego y continuar\u00e1 durante el d\u00eda con partidos destacados, entre los que sobresale el que disputar\u00e1n el trasandino Christian Gar\u00edn ante el invitado de la organizaci\u00f3n, el canadiense Felix Auger-Aliassime, considerado como uno de los grandes futuros del tenis mundial.<\/p>\n<p>&nbsp;<\/p>\n<p>&nbsp;<\/p>\n","protected":false},"excerpt":{"rendered":"<p>El certamen de la capital porte\u00f1a inicia su cuadro principal desde las 14.30. Destacan las presencias de Thiem, Fognini, Schwartzman, Cecchinato, Jarry y muchos m\u00e1s. Como todos los a\u00f1os, durante la segunda o tercera semana de febrero, el Argentina Open llega al calendario ATP para\u00a0 ser protagonista en su semana dentro de la temporada ten\u00edstica. [&hellip;]<\/p>\n","protected":false},"author":41,"featured_media":138858,"comment_status":"open","ping_status":"open","sticky":false,"template":"","format":"standard","meta":[],"categories":[1],"tags":[389,20,14,156,162],"yst_prominent_words":[],"lang":"ar","translations":{"ar":138857},"pll_sync_post":[],"_links":{"self":[{"href":"https:\/\/contenidos.vip\/mastenis\/wp-json\/wp\/v2\/posts\/138857"}],"collection":[{"href":"https:\/\/contenidos.vip\/mastenis\/wp-json\/wp\/v2\/posts"}],"about":[{"href":"https:\/\/contenidos.vip\/mastenis\/wp-json\/wp\/v2\/types\/post"}],"author":[{"embeddable":true,"href":"https:\/\/contenidos.vip\/mastenis\/wp-json\/wp\/v2\/users\/41"}],"replies":[{"embeddable":true,"href":"https:\/\/contenidos.vip\/mastenis\/wp-json\/wp\/v2\/comments?post=138857"}],"version-history":[{"count":1,"href":"https:\/\/contenidos.vip\/mastenis\/wp-json\/wp\/v2\/posts\/138857\/revisions"}],"predecessor-version":[{"id":138859,"href":"https:\/\/contenidos.vip\/mastenis\/wp-json\/wp\/v2\/posts\/138857\/revisions\/138859"}],"wp:featuredmedia":[{"embeddable":true,"href":"https:\/\/contenidos.vip\/mastenis\/wp-json\/wp\/v2\/media\/138858"}],"wp:attachment":[{"href":"https:\/\/contenidos.vip\/mastenis\/wp-json\/wp\/v2\/media?parent=138857"}],"wp:term":[{"taxonomy":"category","embeddable":true,"href":"https:\/\/contenidos.vip\/mastenis\/wp-json\/wp\/v2\/categories?post=138857"},{"taxonomy":"post_tag","embeddable":true,"href":"https:\/\/contenidos.vip\/mastenis\/wp-json\/wp\/v2\/tags?post=138857"},{"taxonomy":"yst_prominent_words","embeddable":true,"href":"https:\/\/contenidos.vip\/mastenis\/wp-json\/wp\/v2\/yst_prominent_words?post=138857"}],"curies":[{"name":"wp","href":"https:\/\/api.w.org\/{rel}","templated":true}]}}