{"id":138725,"date":"2019-01-30T13:57:40","date_gmt":"2019-01-30T16:57:40","guid":{"rendered":"https:\/\/contenidos.vip\/mastenis\/?p=138725"},"modified":"2019-01-30T13:57:40","modified_gmt":"2019-01-30T16:57:40","slug":"el-cordoba-open-prepara-sus-ultimos-detalles","status":"publish","type":"post","link":"https:\/\/contenidos.vip\/mastenis\/ar\/2019\/01\/30\/el-cordoba-open-prepara-sus-ultimos-detalles\/","title":{"rendered":"El C\u00f3rdoba Open prepara sus \u00faltimos detalles"},"content":{"rendered":"<h3>El ATP de la provincia del centro de la Argentina ultima detalles para su primera edici\u00f3n. Ser\u00e1 la primera semana de tenis internacional en el pa\u00eds argento, en el cu\u00e1l, la semana siguiente, la posta la tomar\u00e1 el ATP de Buenos Aires.<\/h3>\n<p>Todo est\u00e1 listo. Los \u00faltimos detalles se est\u00e1n poniendo a punto. Y por m\u00e1s que la noticia de que Dominic Thiem, m\u00e1ximo referente del certamen no dir\u00e1 presente, el C\u00f3rdoba Open se est\u00e1 preparando para hacer historia en su primera edici\u00f3n, que comenzar\u00e1 el pr\u00f3ximo s\u00e1bado y tendr\u00e1 lugar en las inmediaciones del estadio Mario Alberto Kempes hasta el 10 de frebrero.<\/p>\n<p>La clasificaci\u00f3n previa al certamen ser\u00e1 la encargada de abrir el torneo cordob\u00e9s el s\u00e1bado pr\u00f3ximo. Dos d\u00edas despu\u00e9s, ser\u00e1 el debut del cuadro principal, que contar\u00e1 con figuras de renombre internacional como el italiano Fabio Fognini, decimotercero en el planeta, el argentino Diego Schwarztman, de gran producci\u00f3n en el Abierto de Australia, y de Marco Cecchinato, italiano como Fognini, semifinalista del \u00faltimo Roland Garros y el \u00faltimo vencedor de Novak Djokovic en Grand Slams, en los cuartos de la cita parisina de la pasada temporada.<\/p>\n<p>Con esto esto en juego, semejantes figuras y la responsabilidad de abrir la gira lationoamericana de polvo de ladrillo, el C\u00f3rdoba Open va cerrando los detalles necesarios para que el evento sea un lujo digno de la estirpe que conlleva un torneo de semejante cala\u00f1a, algo que demostrar\u00e1, sin dudas, que el torneo seguir\u00e1 estando presente en el calendario ATP por muchos a\u00f1os m\u00e1s.<\/p>\n<p><iframe width=\"640\" height=\"360\" src=\"https:\/\/www.youtube.com\/embed\/bszW-bNcjRs?feature=oembed\" frameborder=\"0\" allow=\"accelerometer; autoplay; encrypted-media; gyroscope; picture-in-picture\" allowfullscreen><\/iframe><\/p>\n","protected":false},"excerpt":{"rendered":"<p>El ATP de la provincia del centro de la Argentina ultima detalles para su primera edici\u00f3n. Ser\u00e1 la primera semana de tenis internacional en el pa\u00eds argento, en el cu\u00e1l, la semana siguiente, la posta la tomar\u00e1 el ATP de Buenos Aires. Todo est\u00e1 listo. Los \u00faltimos detalles se est\u00e1n poniendo a punto. Y por [&hellip;]<\/p>\n","protected":false},"author":41,"featured_media":138726,"comment_status":"open","ping_status":"open","sticky":false,"template":"","format":"standard","meta":[],"categories":[1],"tags":[],"yst_prominent_words":[],"lang":"ar","translations":{"ar":138725},"pll_sync_post":[],"_links":{"self":[{"href":"https:\/\/contenidos.vip\/mastenis\/wp-json\/wp\/v2\/posts\/138725"}],"collection":[{"href":"https:\/\/contenidos.vip\/mastenis\/wp-json\/wp\/v2\/posts"}],"about":[{"href":"https:\/\/contenidos.vip\/mastenis\/wp-json\/wp\/v2\/types\/post"}],"author":[{"embeddable":true,"href":"https:\/\/contenidos.vip\/mastenis\/wp-json\/wp\/v2\/users\/41"}],"replies":[{"embeddable":true,"href":"https:\/\/contenidos.vip\/mastenis\/wp-json\/wp\/v2\/comments?post=138725"}],"version-history":[{"count":1,"href":"https:\/\/contenidos.vip\/mastenis\/wp-json\/wp\/v2\/posts\/138725\/revisions"}],"predecessor-version":[{"id":138727,"href":"https:\/\/contenidos.vip\/mastenis\/wp-json\/wp\/v2\/posts\/138725\/revisions\/138727"}],"wp:featuredmedia":[{"embeddable":true,"href":"https:\/\/contenidos.vip\/mastenis\/wp-json\/wp\/v2\/media\/138726"}],"wp:attachment":[{"href":"https:\/\/contenidos.vip\/mastenis\/wp-json\/wp\/v2\/media?parent=138725"}],"wp:term":[{"taxonomy":"category","embeddable":true,"href":"https:\/\/contenidos.vip\/mastenis\/wp-json\/wp\/v2\/categories?post=138725"},{"taxonomy":"post_tag","embeddable":true,"href":"https:\/\/contenidos.vip\/mastenis\/wp-json\/wp\/v2\/tags?post=138725"},{"taxonomy":"yst_prominent_words","embeddable":true,"href":"https:\/\/contenidos.vip\/mastenis\/wp-json\/wp\/v2\/yst_prominent_words?post=138725"}],"curies":[{"name":"wp","href":"https:\/\/api.w.org\/{rel}","templated":true}]}}