{"id":138325,"date":"2019-01-08T14:08:50","date_gmt":"2019-01-08T17:08:50","guid":{"rendered":"https:\/\/contenidos.vip\/mastenis\/?p=138325"},"modified":"2019-01-08T14:08:50","modified_gmt":"2019-01-08T17:08:50","slug":"federer-se-emociono-como-nunca-al-recordar-a-su-entrenador","status":"publish","type":"post","link":"https:\/\/contenidos.vip\/mastenis\/ar\/2019\/01\/08\/federer-se-emociono-como-nunca-al-recordar-a-su-entrenador\/","title":{"rendered":"Federer se emocion\u00f3 como nunca al recordar a su entrenador"},"content":{"rendered":"<h3>El suizo se quebr\u00f3 en una entrevita con la CNN en la que le preguntaron sobre su fallecido ex coach.<\/h3>\n<blockquote class=\"twitter-tweet\" data-width=\"550\" data-dnt=\"true\">\n<p lang=\"en\" dir=\"ltr\">Roger Federer&#39;s inspirational former coach died in a car crash on his honeymoon in 2002.<\/p>\n<p>Nearly two decades on, Federer still gets emotional when he talks about Peter Carter.<\/p>\n<p>Our exclusive interview: <a href=\"https:\/\/t.co\/AJM6UXgt6H\">https:\/\/t.co\/AJM6UXgt6H<\/a> <a href=\"https:\/\/t.co\/g9aiylaKy8\">pic.twitter.com\/g9aiylaKy8<\/a><\/p>\n<p>&mdash; CNN Sport (@cnnsport) <a href=\"https:\/\/twitter.com\/cnnsport\/status\/1082249426905821186?ref_src=twsrc%5Etfw\">January 7, 2019<\/a><\/p><\/blockquote>\n<p><script async src=\"https:\/\/platform.twitter.com\/widgets.js\" charset=\"utf-8\"><\/script><\/p>\n<p>Roger Federer tuvo un inesperado quiebre cuando le preguntaron sobre Peter Carter, el entrenador de su infancia, que falleci\u00f3 en 2002 en un accidente de tr\u00e1nsito.<\/p>\n<p>&#8220;Peter fue una persona muy importante en mi vida y puedo decir que gran parte de mi t\u00e9cnica se la debo a \u00e9l&#8221;, asegur\u00f3 Roger y agreg\u00f3:\u00a0&#8220;Espero que estuviera orgulloso de ver todo lo que logr\u00e9&#8221;.<\/p>\n<p>Adem\u00e1s, confes\u00f3 que su muerte, un a\u00f1o antes de su explosi\u00f3n como profesional, fue un punto de inflexi\u00f3n para \u00e9l: &#8220;Imagin\u00e9 que \u00e9l no quer\u00eda que desaprovechara mi talento y cuando falleci\u00f3, eso produjo como una especie de despertar en m\u00ed y comenc\u00e9 a entrenarme muy duro&#8221;.<\/p>\n","protected":false},"excerpt":{"rendered":"<p>El suizo se quebr\u00f3 en una entrevita con la CNN en la que le preguntaron sobre su fallecido ex coach. Roger Federer&#39;s inspirational former coach died in a car crash on his honeymoon in 2002. Nearly two decades on, Federer still gets emotional when he talks about Peter Carter. Our exclusive interview: https:\/\/t.co\/AJM6UXgt6H pic.twitter.com\/g9aiylaKy8 &mdash; [&hellip;]<\/p>\n","protected":false},"author":33,"featured_media":138327,"comment_status":"open","ping_status":"open","sticky":false,"template":"","format":"standard","meta":[],"categories":[1],"tags":[532,531,530,28],"yst_prominent_words":[],"lang":"ar","translations":{"ar":138325},"pll_sync_post":[],"_links":{"self":[{"href":"https:\/\/contenidos.vip\/mastenis\/wp-json\/wp\/v2\/posts\/138325"}],"collection":[{"href":"https:\/\/contenidos.vip\/mastenis\/wp-json\/wp\/v2\/posts"}],"about":[{"href":"https:\/\/contenidos.vip\/mastenis\/wp-json\/wp\/v2\/types\/post"}],"author":[{"embeddable":true,"href":"https:\/\/contenidos.vip\/mastenis\/wp-json\/wp\/v2\/users\/33"}],"replies":[{"embeddable":true,"href":"https:\/\/contenidos.vip\/mastenis\/wp-json\/wp\/v2\/comments?post=138325"}],"version-history":[{"count":1,"href":"https:\/\/contenidos.vip\/mastenis\/wp-json\/wp\/v2\/posts\/138325\/revisions"}],"predecessor-version":[{"id":138328,"href":"https:\/\/contenidos.vip\/mastenis\/wp-json\/wp\/v2\/posts\/138325\/revisions\/138328"}],"wp:featuredmedia":[{"embeddable":true,"href":"https:\/\/contenidos.vip\/mastenis\/wp-json\/wp\/v2\/media\/138327"}],"wp:attachment":[{"href":"https:\/\/contenidos.vip\/mastenis\/wp-json\/wp\/v2\/media?parent=138325"}],"wp:term":[{"taxonomy":"category","embeddable":true,"href":"https:\/\/contenidos.vip\/mastenis\/wp-json\/wp\/v2\/categories?post=138325"},{"taxonomy":"post_tag","embeddable":true,"href":"https:\/\/contenidos.vip\/mastenis\/wp-json\/wp\/v2\/tags?post=138325"},{"taxonomy":"yst_prominent_words","embeddable":true,"href":"https:\/\/contenidos.vip\/mastenis\/wp-json\/wp\/v2\/yst_prominent_words?post=138325"}],"curies":[{"name":"wp","href":"https:\/\/api.w.org\/{rel}","templated":true}]}}