{"id":138302,"date":"2019-01-07T01:28:24","date_gmt":"2019-01-07T04:28:24","guid":{"rendered":"https:\/\/contenidos.vip\/mastenis\/?p=138302"},"modified":"2019-01-07T01:28:47","modified_gmt":"2019-01-07T04:28:47","slug":"nishikori-se-corono-en-brisbane","status":"publish","type":"post","link":"https:\/\/contenidos.vip\/mastenis\/ar\/2019\/01\/07\/nishikori-se-corono-en-brisbane\/","title":{"rendered":"Nishikori cort\u00f3 la sequ\u00eda y se coron\u00f3 en Brisbane"},"content":{"rendered":"<h3>Tras vencer a Medvedev, y por primera vez en 35 meses, el japon\u00e9s volvi\u00f3 a gritar campe\u00f3n.<\/h3>\n<blockquote class=\"twitter-tweet\" data-width=\"550\" data-dnt=\"true\">\n<p lang=\"es\" dir=\"ltr\">\u00a1Ha vuelto! \ud83c\udfc6 \ud83c\udfc6 \ud83c\udfc6 \ud83c\udfc6 \ud83c\udfc6 \ud83c\udfc6 \ud83c\udfc6 \ud83c\udfc6 \ud83c\udfc6 \ud83c\udfc6 \ud83c\udfc6 \ud83c\udfc6 <\/p>\n<p>\ud83c\uddef\ud83c\uddf5 <a href=\"https:\/\/twitter.com\/keinishikori?ref_src=twsrc%5Etfw\">@keinishikori<\/a> estrena la temporada 2019 coronando su 12\u00ba t\u00edtulo <a href=\"https:\/\/twitter.com\/hashtag\/ATPTour?src=hash&amp;ref_src=twsrc%5Etfw\">#ATPTour<\/a> en el <a href=\"https:\/\/twitter.com\/BrisbaneTennis?ref_src=twsrc%5Etfw\">@BrisbaneTennis<\/a>.<\/p>\n<p>M\u00e1s \u27a1\ufe0f <a href=\"https:\/\/t.co\/B1FRtOHJzn\">https:\/\/t.co\/B1FRtOHJzn<\/a> <a href=\"https:\/\/t.co\/FdOXp82mfc\">pic.twitter.com\/FdOXp82mfc<\/a><\/p>\n<p>&mdash; ATP en Espa\u00f1ol (@ATPTour_ES) <a href=\"https:\/\/twitter.com\/ATPTour_ES\/status\/1081981235017248768?ref_src=twsrc%5Etfw\">January 6, 2019<\/a><\/p><\/blockquote>\n<p><script async src=\"https:\/\/platform.twitter.com\/widgets.js\" charset=\"utf-8\"><\/script><\/p>\n<p>El japon\u00e9s Kei Nishikori rompi\u00f3 el maleficio y tras una sequ\u00eda de 35 meses consigui\u00f3 volver a levantar un trofeo.<\/p>\n<p>En el ATP 250 de Brisbane, el nip\u00f3n derrot\u00f3 en la definici\u00f3n al joven ruso Daniil Medvedev por\u00a06-4, 3-6 y 6-2 para conseguir as\u00ed su duod\u00e9cima corona.<\/p>\n<p>Antes, su \u00faltimo t\u00edtulo hab\u00eda sido en Memphis, en 2016, y en el medio hab\u00eda desperdiciado unas cuantas chances.<\/p>\n<p>Mientras que para Medvedev fue la primera vez que cae en una definici\u00f3n, ya que se hab\u00eda impuesto en las otras tres finales que hab\u00eda disputado en el circuito ATP.<\/p>\n<p>&nbsp;<\/p>\n","protected":false},"excerpt":{"rendered":"<p>Tras vencer a Medvedev, y por primera vez en 35 meses, el japon\u00e9s volvi\u00f3 a gritar campe\u00f3n. \u00a1Ha vuelto! \ud83c\udfc6 \ud83c\udfc6 \ud83c\udfc6 \ud83c\udfc6 \ud83c\udfc6 \ud83c\udfc6 \ud83c\udfc6 \ud83c\udfc6 \ud83c\udfc6 \ud83c\udfc6 \ud83c\udfc6 \ud83c\udfc6 \ud83c\uddef\ud83c\uddf5 @keinishikori estrena la temporada 2019 coronando su 12\u00ba t\u00edtulo #ATPTour en el @BrisbaneTennis. M\u00e1s \u27a1\ufe0f https:\/\/t.co\/B1FRtOHJzn pic.twitter.com\/FdOXp82mfc &mdash; ATP en Espa\u00f1ol (@ATPTour_ES) January [&hellip;]<\/p>\n","protected":false},"author":33,"featured_media":138303,"comment_status":"open","ping_status":"open","sticky":false,"template":"","format":"standard","meta":[],"categories":[1],"tags":[358,159,10,12],"yst_prominent_words":[],"lang":"ar","translations":{"ar":138302},"pll_sync_post":[],"_links":{"self":[{"href":"https:\/\/contenidos.vip\/mastenis\/wp-json\/wp\/v2\/posts\/138302"}],"collection":[{"href":"https:\/\/contenidos.vip\/mastenis\/wp-json\/wp\/v2\/posts"}],"about":[{"href":"https:\/\/contenidos.vip\/mastenis\/wp-json\/wp\/v2\/types\/post"}],"author":[{"embeddable":true,"href":"https:\/\/contenidos.vip\/mastenis\/wp-json\/wp\/v2\/users\/33"}],"replies":[{"embeddable":true,"href":"https:\/\/contenidos.vip\/mastenis\/wp-json\/wp\/v2\/comments?post=138302"}],"version-history":[{"count":2,"href":"https:\/\/contenidos.vip\/mastenis\/wp-json\/wp\/v2\/posts\/138302\/revisions"}],"predecessor-version":[{"id":138305,"href":"https:\/\/contenidos.vip\/mastenis\/wp-json\/wp\/v2\/posts\/138302\/revisions\/138305"}],"wp:featuredmedia":[{"embeddable":true,"href":"https:\/\/contenidos.vip\/mastenis\/wp-json\/wp\/v2\/media\/138303"}],"wp:attachment":[{"href":"https:\/\/contenidos.vip\/mastenis\/wp-json\/wp\/v2\/media?parent=138302"}],"wp:term":[{"taxonomy":"category","embeddable":true,"href":"https:\/\/contenidos.vip\/mastenis\/wp-json\/wp\/v2\/categories?post=138302"},{"taxonomy":"post_tag","embeddable":true,"href":"https:\/\/contenidos.vip\/mastenis\/wp-json\/wp\/v2\/tags?post=138302"},{"taxonomy":"yst_prominent_words","embeddable":true,"href":"https:\/\/contenidos.vip\/mastenis\/wp-json\/wp\/v2\/yst_prominent_words?post=138302"}],"curies":[{"name":"wp","href":"https:\/\/api.w.org\/{rel}","templated":true}]}}