{"id":138194,"date":"2018-12-26T12:43:46","date_gmt":"2018-12-26T15:43:46","guid":{"rendered":"https:\/\/contenidos.vip\/mastenis\/?p=138194"},"modified":"2018-12-26T12:43:46","modified_gmt":"2018-12-26T15:43:46","slug":"gasquet-es-baja-para-el-australian-open","status":"publish","type":"post","link":"https:\/\/contenidos.vip\/mastenis\/ar\/2018\/12\/26\/gasquet-es-baja-para-el-australian-open\/","title":{"rendered":"Gasquet es baja para el Australian Open"},"content":{"rendered":"<h3 style=\"text-align: left\">El franc\u00e9s no podr\u00e1 estar en el primer Grand Slam de la temporada por una lesi\u00f3n que arrastra desde Par\u00eds Bercy.<\/h3>\n<p><img loading=\"lazy\" class=\"alignnone size-full wp-image-138195\" src=\"https:\/\/mastenis.contenidos.playtown.com.ar\/wp-content\/uploads\/sites\/14\/2018\/12\/Gasquet-AO.jpg\" alt=\"\" width=\"700\" height=\"394\" srcset=\"https:\/\/dsvfqnf1ocz8d.cloudfront.net\/sites\/9\/2018\/12\/Gasquet-AO.jpg 700w, https:\/\/dsvfqnf1ocz8d.cloudfront.net\/sites\/9\/2018\/12\/Gasquet-AO-350x197.jpg 350w\" sizes=\"(max-width: 700px) 100vw, 700px\" \/><\/p>\n<p style=\"text-align: left\">La raqueta n\u00famero 1 del tenis galo, Richard Gasquet, anunci\u00f3 que no podr\u00f1a decir presente en Australian Open producto de una pubalgia que arrastra desde el Masters 1000 de Par\u00eds y que tambi\u00e9n le impidi\u00f3 jugar la final de la Copa Davis contra Croacia.<\/p>\n<p style=\"text-align: left\">&#8220;Es una lesi\u00f3n complicada. Tengo una especie de pubalgia en el lado izquierdo, a nivel del aductor, mucha inflamaci\u00f3n en esa zona. No es f\u00e1cil acabar con ella, pero estamos haciendo lo necesario&#8221;, explic\u00f3 Gasquet en Radio France.<\/p>\n<p style=\"text-align: left\">&#8220;Ha habido algunas mejor\u00edas \u00faltimamente, pero sigue habiendo zonas que me hacen da\u00f1o. (&#8230;) Es una l\u00e1stima no jugar y es duro perderse torneos&#8221;, complet\u00f3 el franc\u00e9s, que espera estar plenamente recuperado para febrero.<\/p>\n","protected":false},"excerpt":{"rendered":"<p>El franc\u00e9s no podr\u00e1 estar en el primer Grand Slam de la temporada por una lesi\u00f3n que arrastra desde Par\u00eds Bercy. La raqueta n\u00famero 1 del tenis galo, Richard Gasquet, anunci\u00f3 que no podr\u00f1a decir presente en Australian Open producto de una pubalgia que arrastra desde el Masters 1000 de Par\u00eds y que tambi\u00e9n le [&hellip;]<\/p>\n","protected":false},"author":33,"featured_media":138196,"comment_status":"open","ping_status":"open","sticky":false,"template":"","format":"standard","meta":[],"categories":[1],"tags":[333,113,59,498,24],"yst_prominent_words":[],"lang":"ar","translations":{"ar":138194},"pll_sync_post":[],"_links":{"self":[{"href":"https:\/\/contenidos.vip\/mastenis\/wp-json\/wp\/v2\/posts\/138194"}],"collection":[{"href":"https:\/\/contenidos.vip\/mastenis\/wp-json\/wp\/v2\/posts"}],"about":[{"href":"https:\/\/contenidos.vip\/mastenis\/wp-json\/wp\/v2\/types\/post"}],"author":[{"embeddable":true,"href":"https:\/\/contenidos.vip\/mastenis\/wp-json\/wp\/v2\/users\/33"}],"replies":[{"embeddable":true,"href":"https:\/\/contenidos.vip\/mastenis\/wp-json\/wp\/v2\/comments?post=138194"}],"version-history":[{"count":1,"href":"https:\/\/contenidos.vip\/mastenis\/wp-json\/wp\/v2\/posts\/138194\/revisions"}],"predecessor-version":[{"id":138197,"href":"https:\/\/contenidos.vip\/mastenis\/wp-json\/wp\/v2\/posts\/138194\/revisions\/138197"}],"wp:featuredmedia":[{"embeddable":true,"href":"https:\/\/contenidos.vip\/mastenis\/wp-json\/wp\/v2\/media\/138196"}],"wp:attachment":[{"href":"https:\/\/contenidos.vip\/mastenis\/wp-json\/wp\/v2\/media?parent=138194"}],"wp:term":[{"taxonomy":"category","embeddable":true,"href":"https:\/\/contenidos.vip\/mastenis\/wp-json\/wp\/v2\/categories?post=138194"},{"taxonomy":"post_tag","embeddable":true,"href":"https:\/\/contenidos.vip\/mastenis\/wp-json\/wp\/v2\/tags?post=138194"},{"taxonomy":"yst_prominent_words","embeddable":true,"href":"https:\/\/contenidos.vip\/mastenis\/wp-json\/wp\/v2\/yst_prominent_words?post=138194"}],"curies":[{"name":"wp","href":"https:\/\/api.w.org\/{rel}","templated":true}]}}