{"id":138184,"date":"2018-12-26T08:33:32","date_gmt":"2018-12-26T11:33:32","guid":{"rendered":"https:\/\/contenidos.vip\/mastenis\/?p=138184"},"modified":"2018-12-26T08:57:54","modified_gmt":"2018-12-26T11:57:54","slug":"cerundolo-se-metio-en-la-qualy-del-atp-de-buenos-aires","status":"publish","type":"post","link":"https:\/\/contenidos.vip\/mastenis\/ar\/2018\/12\/26\/cerundolo-se-metio-en-la-qualy-del-atp-de-buenos-aires\/","title":{"rendered":"Cer\u00fandolo se meti\u00f3 en la qualy del ATP de Buenos Aires"},"content":{"rendered":"<h3 style=\"text-align: left\">La promesa argentina de 20 a\u00f1os se qued\u00f3 con la prequaly tras superar a Tenti en la final.<\/h3>\n<blockquote class=\"twitter-tweet\" data-width=\"550\" data-dnt=\"true\">\n<p lang=\"es\" dir=\"ltr\"><a href=\"https:\/\/twitter.com\/hashtag\/Highlights?src=hash&amp;ref_src=twsrc%5Etfw\">#Highlights<\/a> \ud83d\ude4c\ud83c\udfbe<\/p>\n<p>Les dejamos el resumen con las mejores jugadas del partido entre <a href=\"https:\/\/twitter.com\/FranCerundolo?ref_src=twsrc%5Etfw\">@FranCerundolo<\/a> y Ferm\u00edn Tenti en la final del <a href=\"https:\/\/twitter.com\/hashtag\/ArgOpen2019?src=hash&amp;ref_src=twsrc%5Etfw\">#ArgOpen2019<\/a> Pre-Qualy \ud83d\udd25<\/p>\n<p>El joven de 20 a\u00f1os jugar\u00e1 la clasificaci\u00f3n en febrero. \ud83d\udd1c\ud83d\ude31 <a href=\"https:\/\/t.co\/qqGyEE2bNS\">pic.twitter.com\/qqGyEE2bNS<\/a><\/p>\n<p>&mdash; Argentina Open (@ArgentinaOpen) <a href=\"https:\/\/twitter.com\/ArgentinaOpen\/status\/1076985567613804544?ref_src=twsrc%5Etfw\">December 23, 2018<\/a><\/p><\/blockquote>\n<p><script async src=\"https:\/\/platform.twitter.com\/widgets.js\" charset=\"utf-8\"><\/script><\/p>\n<p style=\"text-align: left\">Francisco Cer\u00fandulo consigui\u00f3 este domingo un boleto para disputar la clasificaci\u00f3n del Argentina Open al derrotar en la final de la prequaly a Ferm\u00edn Tenti en una electrizante definici\u00f3n que termin\u00f3 en supertiebreak.<\/p>\n<p style=\"text-align: left\">El partido, disputado\u00a0en las canchas del club Gimnasia y Esgrima de Buenos Aires, fue\u00a06-1, 6-7 (3) y 10-2 para Cer\u00fandulo, 569 del ranking ATP, quien de esta manera\u00a0se asegur\u00f3 disputar la clasificaci\u00f3n en febrero por un lugar en el cuadro principal.<\/p>\n<p style=\"text-align: left\">Estoy muy contento por haber logradoun lugar en la clasificaci\u00f3n del Argentina Open. Lo que quiere todo jugador es estar entre los mejores y gracias a este torneo voy a poder tener esa posibilidad. Fue un esfuerzo muy grande y por suerte se me dio&#8221;, asegur\u00f3 Cer\u00fandulo tras la victoria.<\/p>\n<p style=\"text-align: left\">El ATP de Buenos Aires se disputar\u00e1 entre el 9 y el 17 de febrero, con presencias confirmadas de Dominic Thiem (N\u00ba 8 del mundo), Fabio Fognini (13\u00b0) y Diego Schwartzman (17\u00b0), entre otros.<\/p>\n","protected":false},"excerpt":{"rendered":"<p>La promesa argentina de 20 a\u00f1os se qued\u00f3 con la prequaly tras superar a Tenti en la final. #Highlights \ud83d\ude4c\ud83c\udfbe Les dejamos el resumen con las mejores jugadas del partido entre @FranCerundolo y Ferm\u00edn Tenti en la final del #ArgOpen2019 Pre-Qualy \ud83d\udd25 El joven de 20 a\u00f1os jugar\u00e1 la clasificaci\u00f3n en febrero. \ud83d\udd1c\ud83d\ude31 pic.twitter.com\/qqGyEE2bNS &mdash; [&hellip;]<\/p>\n","protected":false},"author":33,"featured_media":138185,"comment_status":"open","ping_status":"open","sticky":false,"template":"","format":"standard","meta":[],"categories":[1],"tags":[382,495,384,494],"yst_prominent_words":[],"lang":"ar","translations":{"ar":138184},"pll_sync_post":[],"_links":{"self":[{"href":"https:\/\/contenidos.vip\/mastenis\/wp-json\/wp\/v2\/posts\/138184"}],"collection":[{"href":"https:\/\/contenidos.vip\/mastenis\/wp-json\/wp\/v2\/posts"}],"about":[{"href":"https:\/\/contenidos.vip\/mastenis\/wp-json\/wp\/v2\/types\/post"}],"author":[{"embeddable":true,"href":"https:\/\/contenidos.vip\/mastenis\/wp-json\/wp\/v2\/users\/33"}],"replies":[{"embeddable":true,"href":"https:\/\/contenidos.vip\/mastenis\/wp-json\/wp\/v2\/comments?post=138184"}],"version-history":[{"count":3,"href":"https:\/\/contenidos.vip\/mastenis\/wp-json\/wp\/v2\/posts\/138184\/revisions"}],"predecessor-version":[{"id":138192,"href":"https:\/\/contenidos.vip\/mastenis\/wp-json\/wp\/v2\/posts\/138184\/revisions\/138192"}],"wp:featuredmedia":[{"embeddable":true,"href":"https:\/\/contenidos.vip\/mastenis\/wp-json\/wp\/v2\/media\/138185"}],"wp:attachment":[{"href":"https:\/\/contenidos.vip\/mastenis\/wp-json\/wp\/v2\/media?parent=138184"}],"wp:term":[{"taxonomy":"category","embeddable":true,"href":"https:\/\/contenidos.vip\/mastenis\/wp-json\/wp\/v2\/categories?post=138184"},{"taxonomy":"post_tag","embeddable":true,"href":"https:\/\/contenidos.vip\/mastenis\/wp-json\/wp\/v2\/tags?post=138184"},{"taxonomy":"yst_prominent_words","embeddable":true,"href":"https:\/\/contenidos.vip\/mastenis\/wp-json\/wp\/v2\/yst_prominent_words?post=138184"}],"curies":[{"name":"wp","href":"https:\/\/api.w.org\/{rel}","templated":true}]}}