{"id":138156,"date":"2018-12-20T07:40:55","date_gmt":"2018-12-20T10:40:55","guid":{"rendered":"https:\/\/contenidos.vip\/mastenis\/?p=138156"},"modified":"2018-12-20T07:40:55","modified_gmt":"2018-12-20T10:40:55","slug":"federer-y-una-divertida-promocion-de-la-laver-cup","status":"publish","type":"post","link":"https:\/\/contenidos.vip\/mastenis\/ar\/2018\/12\/20\/federer-y-una-divertida-promocion-de-la-laver-cup\/","title":{"rendered":"Federer y una divertida promoci\u00f3n de la Laver Cup"},"content":{"rendered":"<h3 style=\"text-align: left\">Con un meme de un di\u00e1logo entre \u00e9l y Nadal, el suizo promocion\u00f3 el particular torneo que enfrenta a Europa contra el Resto del Mundo.<\/h3>\n<blockquote class=\"twitter-tweet\" data-width=\"550\" data-dnt=\"true\">\n<p lang=\"und\" dir=\"ltr\">\ud83c\uddea\ud83c\uddfa\ud83c\uddea\ud83c\uddfa\ud83c\uddea\ud83c\uddfa<a href=\"https:\/\/twitter.com\/RafaelNadal?ref_src=twsrc%5Etfw\">@RafaelNadal<\/a> <a href=\"https:\/\/twitter.com\/LaverCup?ref_src=twsrc%5Etfw\">@LaverCup<\/a> <a href=\"https:\/\/t.co\/rXVJpmS0rg\">pic.twitter.com\/rXVJpmS0rg<\/a><\/p>\n<p>&mdash; Roger Federer (@rogerfederer) <a href=\"https:\/\/twitter.com\/rogerfederer\/status\/1075476710798385153?ref_src=twsrc%5Etfw\">December 19, 2018<\/a><\/p><\/blockquote>\n<p><script async src=\"https:\/\/platform.twitter.com\/widgets.js\" charset=\"utf-8\"><\/script><\/p>\n<p style=\"text-align: left\">Si bien todav\u00eda quedan m\u00e1s de nueve meses para que se dispute la pr\u00f3xima edici\u00f3n de la Laver Cup, el suizo Roger Federer comenz\u00f3 a calentar el ambiente compartiendo en sus redes sociales un divertido meme.<\/p>\n<p style=\"text-align: left\">En el mismo se lo ve junto al espa\u00f1ol Rafael Nadal y en forma de vi\u00f1eta le pregunta en ingl\u00e9s: &#8220;\u00bfEs momento de una segunda ronda?&#8221;, a lo que el mallorqu\u00edn le responde: &#8220;Vamos&#8221;.<\/p>\n<p style=\"text-align: left\">La tercera edici\u00f3n de este atractivo torneo exhibici\u00f3n se disputar\u00e1 entre el 20 y 22 de septiembre en Ginebra. Hasta el momento, los \u00fanicos confirmados son justamente Federer y Nadal, pero se sabe que el suizo intentar\u00e1 reunir a el Big Four completo. \u00bfLo lograr\u00e1?<\/p>\n<p style=\"text-align: left\">\n","protected":false},"excerpt":{"rendered":"<p>Con un meme de un di\u00e1logo entre \u00e9l y Nadal, el suizo promocion\u00f3 el particular torneo que enfrenta a Europa contra el Resto del Mundo. \ud83c\uddea\ud83c\uddfa\ud83c\uddea\ud83c\uddfa\ud83c\uddea\ud83c\uddfa@RafaelNadal @LaverCup pic.twitter.com\/rXVJpmS0rg &mdash; Roger Federer (@rogerfederer) December 19, 2018 Si bien todav\u00eda quedan m\u00e1s de nueve meses para que se dispute la pr\u00f3xima edici\u00f3n de la Laver Cup, el [&hellip;]<\/p>\n","protected":false},"author":33,"featured_media":138073,"comment_status":"open","ping_status":"open","sticky":false,"template":"","format":"standard","meta":[],"categories":[1],"tags":[47,480,481,52,28],"yst_prominent_words":[],"lang":"ar","translations":{"ar":138156},"pll_sync_post":[],"_links":{"self":[{"href":"https:\/\/contenidos.vip\/mastenis\/wp-json\/wp\/v2\/posts\/138156"}],"collection":[{"href":"https:\/\/contenidos.vip\/mastenis\/wp-json\/wp\/v2\/posts"}],"about":[{"href":"https:\/\/contenidos.vip\/mastenis\/wp-json\/wp\/v2\/types\/post"}],"author":[{"embeddable":true,"href":"https:\/\/contenidos.vip\/mastenis\/wp-json\/wp\/v2\/users\/33"}],"replies":[{"embeddable":true,"href":"https:\/\/contenidos.vip\/mastenis\/wp-json\/wp\/v2\/comments?post=138156"}],"version-history":[{"count":1,"href":"https:\/\/contenidos.vip\/mastenis\/wp-json\/wp\/v2\/posts\/138156\/revisions"}],"predecessor-version":[{"id":138157,"href":"https:\/\/contenidos.vip\/mastenis\/wp-json\/wp\/v2\/posts\/138156\/revisions\/138157"}],"wp:featuredmedia":[{"embeddable":true,"href":"https:\/\/contenidos.vip\/mastenis\/wp-json\/wp\/v2\/media\/138073"}],"wp:attachment":[{"href":"https:\/\/contenidos.vip\/mastenis\/wp-json\/wp\/v2\/media?parent=138156"}],"wp:term":[{"taxonomy":"category","embeddable":true,"href":"https:\/\/contenidos.vip\/mastenis\/wp-json\/wp\/v2\/categories?post=138156"},{"taxonomy":"post_tag","embeddable":true,"href":"https:\/\/contenidos.vip\/mastenis\/wp-json\/wp\/v2\/tags?post=138156"},{"taxonomy":"yst_prominent_words","embeddable":true,"href":"https:\/\/contenidos.vip\/mastenis\/wp-json\/wp\/v2\/yst_prominent_words?post=138156"}],"curies":[{"name":"wp","href":"https:\/\/api.w.org\/{rel}","templated":true}]}}