{"id":138145,"date":"2018-12-19T07:55:53","date_gmt":"2018-12-19T10:55:53","guid":{"rendered":"https:\/\/contenidos.vip\/mastenis\/?p=138145"},"modified":"2018-12-19T07:55:53","modified_gmt":"2018-12-19T10:55:53","slug":"federer-y-nadal-le-suman-intensidad-a-sus-pretemporadas","status":"publish","type":"post","link":"https:\/\/contenidos.vip\/mastenis\/ar\/2018\/12\/19\/federer-y-nadal-le-suman-intensidad-a-sus-pretemporadas\/","title":{"rendered":"Federer y Nadal le suman intensidad a sus pretemporadas"},"content":{"rendered":"<h3 style=\"text-align: left\">El suizo desde Dubai y el espa\u00f1ol desde Mallorca, se preparan para el inicio de la temporada, con el Australian Open como m\u00e1ximo objetivo.<\/h3>\n<p style=\"text-align: left\">El inicio del la temporada 2019 est\u00e1 a la vuelta de la esquina y por ello, los jugadores suman cada vez m\u00e1s minutos de cancha.<\/p>\n<blockquote class=\"twitter-tweet\" data-width=\"550\" data-dnt=\"true\">\n<p lang=\"es\" dir=\"ltr\">Roger Federer y su entrenamiento en Dubai \ud83d\udc51 <a href=\"https:\/\/t.co\/fJwn2Ftevd\">pic.twitter.com\/fJwn2Ftevd<\/a><\/p>\n<p>&mdash; Tenis Zone (@TenisZoneOk) <a href=\"https:\/\/twitter.com\/TenisZoneOk\/status\/1073409334669922304?ref_src=twsrc%5Etfw\">December 14, 2018<\/a><\/p><\/blockquote>\n<p><script async src=\"https:\/\/platform.twitter.com\/widgets.js\" charset=\"utf-8\"><\/script><\/p>\n<p style=\"text-align: left\">El suizo Roger Federer\u00a0contin\u00faa con su preparaci\u00f3n en Dubai, intentando llegar en \u00f3ptimas condiciones a la Copa Hopman para despu\u00e9s desembarcar en el Australian Open, donde defiende el t\u00edtulo.<\/p>\n<blockquote class=\"twitter-tweet\" data-width=\"550\" data-dnt=\"true\">\n<p lang=\"und\" dir=\"ltr\">\ud83d\udc4f\ud83c\udffb\ud83d\udc4f\ud83c\udffb <a href=\"https:\/\/twitter.com\/RafaelNadal?ref_src=twsrc%5Etfw\">@RafaelNadal<\/a> &amp; <a href=\"https:\/\/twitter.com\/jamunar_38?ref_src=twsrc%5Etfw\">@jamunar_38<\/a> \ud83d\ude4c\ud83c\udffb\ud83d\ude4c\ud83c\udffb\ud83d\udd25 <a href=\"https:\/\/t.co\/v7g1TncipE\">pic.twitter.com\/v7g1TncipE<\/a><\/p>\n<p>&mdash; Rafa Nadal Academy by Movistar (@rnadalacademy) <a href=\"https:\/\/twitter.com\/rnadalacademy\/status\/1074999640645402624?ref_src=twsrc%5Etfw\">December 18, 2018<\/a><\/p><\/blockquote>\n<p><script async src=\"https:\/\/platform.twitter.com\/widgets.js\" charset=\"utf-8\"><\/script><\/p>\n<p style=\"text-align: left\">Por su parte, al espa\u00f1ol Rafael Nadal se lo vio entrenando en Mallorca con uno de los j\u00f3venes productos de su Academia, Jaume Munar. Asimismo, en d\u00edas pasado, tambi\u00e9n estuvo practicando junto a otros j\u00f3venes talentos.<\/p>\n","protected":false},"excerpt":{"rendered":"<p>El suizo desde Dubai y el espa\u00f1ol desde Mallorca, se preparan para el inicio de la temporada, con el Australian Open como m\u00e1ximo objetivo. El inicio del la temporada 2019 est\u00e1 a la vuelta de la esquina y por ello, los jugadores suman cada vez m\u00e1s minutos de cancha. Roger Federer y su entrenamiento en [&hellip;]<\/p>\n","protected":false},"author":33,"featured_media":138146,"comment_status":"open","ping_status":"open","sticky":false,"template":"","format":"standard","meta":[],"categories":[1],"tags":[347,52,28],"yst_prominent_words":[],"lang":"ar","translations":{"ar":138145},"pll_sync_post":[],"_links":{"self":[{"href":"https:\/\/contenidos.vip\/mastenis\/wp-json\/wp\/v2\/posts\/138145"}],"collection":[{"href":"https:\/\/contenidos.vip\/mastenis\/wp-json\/wp\/v2\/posts"}],"about":[{"href":"https:\/\/contenidos.vip\/mastenis\/wp-json\/wp\/v2\/types\/post"}],"author":[{"embeddable":true,"href":"https:\/\/contenidos.vip\/mastenis\/wp-json\/wp\/v2\/users\/33"}],"replies":[{"embeddable":true,"href":"https:\/\/contenidos.vip\/mastenis\/wp-json\/wp\/v2\/comments?post=138145"}],"version-history":[{"count":1,"href":"https:\/\/contenidos.vip\/mastenis\/wp-json\/wp\/v2\/posts\/138145\/revisions"}],"predecessor-version":[{"id":138147,"href":"https:\/\/contenidos.vip\/mastenis\/wp-json\/wp\/v2\/posts\/138145\/revisions\/138147"}],"wp:featuredmedia":[{"embeddable":true,"href":"https:\/\/contenidos.vip\/mastenis\/wp-json\/wp\/v2\/media\/138146"}],"wp:attachment":[{"href":"https:\/\/contenidos.vip\/mastenis\/wp-json\/wp\/v2\/media?parent=138145"}],"wp:term":[{"taxonomy":"category","embeddable":true,"href":"https:\/\/contenidos.vip\/mastenis\/wp-json\/wp\/v2\/categories?post=138145"},{"taxonomy":"post_tag","embeddable":true,"href":"https:\/\/contenidos.vip\/mastenis\/wp-json\/wp\/v2\/tags?post=138145"},{"taxonomy":"yst_prominent_words","embeddable":true,"href":"https:\/\/contenidos.vip\/mastenis\/wp-json\/wp\/v2\/yst_prominent_words?post=138145"}],"curies":[{"name":"wp","href":"https:\/\/api.w.org\/{rel}","templated":true}]}}