{"id":138075,"date":"2018-12-13T13:03:25","date_gmt":"2018-12-13T16:03:25","guid":{"rendered":"https:\/\/contenidos.vip\/mastenis\/?p=138075"},"modified":"2018-12-13T13:03:25","modified_gmt":"2018-12-13T16:03:25","slug":"thiem-revela-sus-objetivos-para-el-2019","status":"publish","type":"post","link":"https:\/\/contenidos.vip\/mastenis\/ar\/2018\/12\/13\/thiem-revela-sus-objetivos-para-el-2019\/","title":{"rendered":"Thiem revela sus objetivos para el 2019"},"content":{"rendered":"<h3 style=\"text-align: left\">El austriaco confes\u00f3 que se prepara para &#8220;ganar un Grand Slam y finalizar la temporada como Top 5&#8221;.<\/h3>\n<p><iframe width=\"640\" height=\"360\" src=\"https:\/\/www.youtube.com\/embed\/85ulCyVauW8?feature=oembed\" frameborder=\"0\" allow=\"accelerometer; autoplay; encrypted-media; gyroscope; picture-in-picture\" allowfullscreen><\/iframe><\/p>\n<p style=\"text-align: left\">El austriaco Dominic Thiem, que hace del trabajo duro y el esfuerzo su culto, est\u00e1 realizando una exigente pretemporada en Tenerife junto a otros tenistas como David Goffin, Ernests Gulbis, Dennis Novak o Jan-Lennard Struff.<\/p>\n<p style=\"text-align: left\">La raz\u00f3n de semejante preparaci\u00f3n es que el austriaco se plante\u00f3 para el 2019 fue acabar el a\u00f1o como Top 5 y conseguir un Grand Slam.<\/p>\n<p style=\"text-align: left\">&#8220;Soy consciente de que si quiero alcanzar uno de mis grandes objetivos, que es terminar la temporada como top-5, debo mejorar mis prestaciones en los Masters 1000, donde solo tuve dos buenos torneos&#8221;, analiz\u00f3 Thiem.<\/p>\n<p style=\"text-align: left\">Y como si ello fuera poco, remat\u00f3: &#8220;Adem\u00e1s, me marco como gran reto poder ganar un Grand Slam. Es algo que llevo so\u00f1ando desde ni\u00f1o&#8221;.<\/p>\n<p style=\"text-align: left\">Por lo pronto, su entrenador\u00a0G\u00fcnter Bresnik, asegur\u00f3: &#8220;Estoy muy satisfecho con el nivel de entrenamientos que estamos haciendo estos d\u00edas. Est\u00e1 desplegando un gran tenis y en t\u00e9rminos de fuerza y velocidad se encuentra ya muy cerca de su m\u00e1ximo&#8221;.<\/p>\n<p style=\"text-align: left\">&#8220;Est\u00e1 trabajando muy bien. Su comportamiento en la pista siempre es muy positivo, y su tenis es sencillamente una locura&#8221;, concluy\u00f3\u00a0Bresnik.<\/p>\n","protected":false},"excerpt":{"rendered":"<p>El austriaco confes\u00f3 que se prepara para &#8220;ganar un Grand Slam y finalizar la temporada como Top 5&#8221;. El austriaco Dominic Thiem, que hace del trabajo duro y el esfuerzo su culto, est\u00e1 realizando una exigente pretemporada en Tenerife junto a otros tenistas como David Goffin, Ernests Gulbis, Dennis Novak o Jan-Lennard Struff. La raz\u00f3n [&hellip;]<\/p>\n","protected":false},"author":33,"featured_media":138076,"comment_status":"open","ping_status":"open","sticky":false,"template":"","format":"standard","meta":[],"categories":[1],"tags":[248,156,217,29,347],"yst_prominent_words":[],"lang":"ar","translations":{"ar":138075},"pll_sync_post":[],"_links":{"self":[{"href":"https:\/\/contenidos.vip\/mastenis\/wp-json\/wp\/v2\/posts\/138075"}],"collection":[{"href":"https:\/\/contenidos.vip\/mastenis\/wp-json\/wp\/v2\/posts"}],"about":[{"href":"https:\/\/contenidos.vip\/mastenis\/wp-json\/wp\/v2\/types\/post"}],"author":[{"embeddable":true,"href":"https:\/\/contenidos.vip\/mastenis\/wp-json\/wp\/v2\/users\/33"}],"replies":[{"embeddable":true,"href":"https:\/\/contenidos.vip\/mastenis\/wp-json\/wp\/v2\/comments?post=138075"}],"version-history":[{"count":1,"href":"https:\/\/contenidos.vip\/mastenis\/wp-json\/wp\/v2\/posts\/138075\/revisions"}],"predecessor-version":[{"id":138077,"href":"https:\/\/contenidos.vip\/mastenis\/wp-json\/wp\/v2\/posts\/138075\/revisions\/138077"}],"wp:featuredmedia":[{"embeddable":true,"href":"https:\/\/contenidos.vip\/mastenis\/wp-json\/wp\/v2\/media\/138076"}],"wp:attachment":[{"href":"https:\/\/contenidos.vip\/mastenis\/wp-json\/wp\/v2\/media?parent=138075"}],"wp:term":[{"taxonomy":"category","embeddable":true,"href":"https:\/\/contenidos.vip\/mastenis\/wp-json\/wp\/v2\/categories?post=138075"},{"taxonomy":"post_tag","embeddable":true,"href":"https:\/\/contenidos.vip\/mastenis\/wp-json\/wp\/v2\/tags?post=138075"},{"taxonomy":"yst_prominent_words","embeddable":true,"href":"https:\/\/contenidos.vip\/mastenis\/wp-json\/wp\/v2\/yst_prominent_words?post=138075"}],"curies":[{"name":"wp","href":"https:\/\/api.w.org\/{rel}","templated":true}]}}