{"id":137942,"date":"2018-12-04T16:31:24","date_gmt":"2018-12-04T19:31:24","guid":{"rendered":"https:\/\/contenidos.vip\/mastenis\/?p=137942"},"modified":"2018-12-04T16:45:03","modified_gmt":"2018-12-04T19:45:03","slug":"thiem-schwartzman-y-fognini-encabezan-el-argentina-open-2019","status":"publish","type":"post","link":"https:\/\/contenidos.vip\/mastenis\/ar\/2018\/12\/04\/thiem-schwartzman-y-fognini-encabezan-el-argentina-open-2019\/","title":{"rendered":"Thiem, Schwartzman y Fognini encabezan el Argentina Open 2019"},"content":{"rendered":"<h3>El torneo que se disputar\u00e1 pr\u00f3ximo febrero en la Capital porte\u00f1a hizo su lanzamiento oficial esta ma\u00f1ana con los tres nombres como garantes del mejor show ten\u00edstico a nivel mundial.<\/h3>\n<p>Se esper\u00f3 mucho la noticia, pero lleg\u00f3. Novedoso, como siempre, y buscando estar a la vanguardia del mejor tenis mundial, el Argentina Open 2019 hizo su presentaci\u00f3n oficial esta ma\u00f1ana en el Sheraton de Retiro y dio a conocer los nombres de las figuras que encabezar\u00e1n la lista de jugadores el pr\u00f3ximo febrero en el Buenos Aires Lawn Tennis, con Dominic Thiem, Diego Schwartzman y Fabio Fognini como estandartes principales.<\/p>\n<p>Intentando estar cada a\u00f1o en la elite del tenis mundial, el Argentina Open present\u00f3 a sus figuras del 2019. En su lanzamiento ante los medios, el certamen nombr\u00f3 al austriaco Thiem como figura estelar, ya que es uno de los Top Ten vigentes en el ranking actual (hoy ocupa la octava posici\u00f3n en el escalaf\u00f3n mundial) y el \u00faltimo finalista de Roland Garros.<\/p>\n<p>No obstante, no todo es lujo por el lado de Thiem, ya que el certamen contra, tambi\u00e9n, con la presencia del Peque Schwartzman, campe\u00f3n en R\u00edo este a\u00f1o y cuartofinalista en Roland Garros, siendo el \u00fanico jugador capaz de haberle arrebatado un set en el torneo parisino a Rafael Nadal, y con la del italiano Fognini, uno de los atractivos m\u00e1s importantes dentro del circuito de polvo de ladrillo a\u00f1o tras a\u00f1o.<\/p>\n<p>Por otra parte, cabe mencionar que el certamen contar\u00e1 con la presencia, tambi\u00e9n, del tres veces campe\u00f3n del torneo, el espa\u00f1ol David Ferrer, quien realizar\u00e1 una gira despedida del Tour ATP en determinados torneos y que eligi\u00f3 a Buenos Aires como parte de ellos.<\/p>\n<p>La presentaci\u00f3n se dio esta ma\u00f1ana en el hotel Sheraton de Retiro, en plena City porte\u00f1a, y cont\u00f3 con la presencia, entre otros, del organizador del torneo, Mart\u00edn Jaite, del Subsecretario de Deportes de la Ciudad de Buenos Aires, Luis Lobo, y de los tenistas argentinos Leonardo Mayer y Facundo D\u00edaz Acosta, campe\u00f3n de Copa Davis 2016 y reciente medallista de oro por duplicado en los Juegos Ol\u00edmpicos de la Juventud, respectivamente.<\/p>\n","protected":false},"excerpt":{"rendered":"<p>El torneo que se disputar\u00e1 pr\u00f3ximo febrero en la Capital porte\u00f1a hizo su lanzamiento oficial esta ma\u00f1ana con los tres nombres como garantes del mejor show ten\u00edstico a nivel mundial. Se esper\u00f3 mucho la noticia, pero lleg\u00f3. Novedoso, como siempre, y buscando estar a la vanguardia del mejor tenis mundial, el Argentina Open 2019 hizo [&hellip;]<\/p>\n","protected":false},"author":41,"featured_media":137943,"comment_status":"open","ping_status":"open","sticky":false,"template":"","format":"standard","meta":[],"categories":[1],"tags":[389,14,387,390,388],"yst_prominent_words":[],"lang":"ar","translations":{"ar":137942},"pll_sync_post":[],"_links":{"self":[{"href":"https:\/\/contenidos.vip\/mastenis\/wp-json\/wp\/v2\/posts\/137942"}],"collection":[{"href":"https:\/\/contenidos.vip\/mastenis\/wp-json\/wp\/v2\/posts"}],"about":[{"href":"https:\/\/contenidos.vip\/mastenis\/wp-json\/wp\/v2\/types\/post"}],"author":[{"embeddable":true,"href":"https:\/\/contenidos.vip\/mastenis\/wp-json\/wp\/v2\/users\/41"}],"replies":[{"embeddable":true,"href":"https:\/\/contenidos.vip\/mastenis\/wp-json\/wp\/v2\/comments?post=137942"}],"version-history":[{"count":1,"href":"https:\/\/contenidos.vip\/mastenis\/wp-json\/wp\/v2\/posts\/137942\/revisions"}],"predecessor-version":[{"id":137944,"href":"https:\/\/contenidos.vip\/mastenis\/wp-json\/wp\/v2\/posts\/137942\/revisions\/137944"}],"wp:featuredmedia":[{"embeddable":true,"href":"https:\/\/contenidos.vip\/mastenis\/wp-json\/wp\/v2\/media\/137943"}],"wp:attachment":[{"href":"https:\/\/contenidos.vip\/mastenis\/wp-json\/wp\/v2\/media?parent=137942"}],"wp:term":[{"taxonomy":"category","embeddable":true,"href":"https:\/\/contenidos.vip\/mastenis\/wp-json\/wp\/v2\/categories?post=137942"},{"taxonomy":"post_tag","embeddable":true,"href":"https:\/\/contenidos.vip\/mastenis\/wp-json\/wp\/v2\/tags?post=137942"},{"taxonomy":"yst_prominent_words","embeddable":true,"href":"https:\/\/contenidos.vip\/mastenis\/wp-json\/wp\/v2\/yst_prominent_words?post=137942"}],"curies":[{"name":"wp","href":"https:\/\/api.w.org\/{rel}","templated":true}]}}