{"id":137923,"date":"2018-11-30T13:30:54","date_gmt":"2018-11-30T16:30:54","guid":{"rendered":"https:\/\/contenidos.vip\/mastenis\/?p=137923"},"modified":"2018-11-30T13:30:54","modified_gmt":"2018-11-30T16:30:54","slug":"los-hijos-de-federer-ya-dan-sus-primeros-pasos-en-el-tenis","status":"publish","type":"post","link":"https:\/\/contenidos.vip\/mastenis\/ar\/2018\/11\/30\/los-hijos-de-federer-ya-dan-sus-primeros-pasos-en-el-tenis\/","title":{"rendered":"Los hijos de Federer ya dan sus primeros pasos en el tenis"},"content":{"rendered":"<h3 style=\"text-align: left\">El suizo cont\u00f3 que a pesar de su corta edad, ya juega con ellos.<\/h3>\n<blockquote class=\"twitter-tweet\" data-width=\"550\" data-dnt=\"true\">\n<p lang=\"en\" dir=\"ltr\">Is there a Roger Federer sporting dynasty in the making? <\/p>\n<p>He says his four-year-old twin sons are catching the tennis bug [via <a href=\"https:\/\/twitter.com\/cnnsport?ref_src=twsrc%5Etfw\">@CNNSport<\/a>] <a href=\"https:\/\/t.co\/CPpGuFavMk\">pic.twitter.com\/CPpGuFavMk<\/a><\/p>\n<p>&mdash; CNN International (@cnni) <a href=\"https:\/\/twitter.com\/cnni\/status\/1063760065335840769?ref_src=twsrc%5Etfw\">November 17, 2018<\/a><\/p><\/blockquote>\n<p><script async src=\"https:\/\/platform.twitter.com\/widgets.js\" charset=\"utf-8\"><\/script><\/p>\n<p style=\"text-align: left\">Como dice el refr\u00e1n, de tal palo tal astilla. Y as\u00ed parece cumplirse con el suizo Roger Federer, que en una entrevista con la CNN revel\u00f3 que sus hijos ya le agarraron el gusto a golpear la pelotita.<\/p>\n<p style=\"text-align: left\">&#8220;Solo tienen cuatro a\u00f1os, pero ya lleban un par jugando al tenis. Me pongo a jugar con ellos y golpeamos unas bolas. Cada vez empiezan a pegarle mejor y a veces, la pasan por encima de la red&#8221;, coment\u00f3 Roger sobre su gemelos.<\/p>\n<p style=\"text-align: left\">&#8220;Las ni\u00f1as tambi\u00e9n juegan un poco. Nos gusta que jueguen al tenis porque los hijos de nuestros amigos tambi\u00e9n lo hacen y ser\u00eda una pena que los m\u00edos no lo hicieran. Quiero que hagan deporte porque creo que es una buena educaci\u00f3n y tambi\u00e9n, para que se mantengan sanos&#8221;, complet\u00f3 el suizo.<\/p>\n","protected":false},"excerpt":{"rendered":"<p>El suizo cont\u00f3 que a pesar de su corta edad, ya juega con ellos. Is there a Roger Federer sporting dynasty in the making? He says his four-year-old twin sons are catching the tennis bug [via @CNNSport] pic.twitter.com\/CPpGuFavMk &mdash; CNN International (@cnni) November 17, 2018 Como dice el refr\u00e1n, de tal palo tal astilla. Y [&hellip;]<\/p>\n","protected":false},"author":33,"featured_media":137924,"comment_status":"open","ping_status":"open","sticky":false,"template":"","format":"standard","meta":[],"categories":[1],"tags":[374,373,28,215],"yst_prominent_words":[],"lang":"ar","translations":{"ar":137923},"pll_sync_post":[],"_links":{"self":[{"href":"https:\/\/contenidos.vip\/mastenis\/wp-json\/wp\/v2\/posts\/137923"}],"collection":[{"href":"https:\/\/contenidos.vip\/mastenis\/wp-json\/wp\/v2\/posts"}],"about":[{"href":"https:\/\/contenidos.vip\/mastenis\/wp-json\/wp\/v2\/types\/post"}],"author":[{"embeddable":true,"href":"https:\/\/contenidos.vip\/mastenis\/wp-json\/wp\/v2\/users\/33"}],"replies":[{"embeddable":true,"href":"https:\/\/contenidos.vip\/mastenis\/wp-json\/wp\/v2\/comments?post=137923"}],"version-history":[{"count":1,"href":"https:\/\/contenidos.vip\/mastenis\/wp-json\/wp\/v2\/posts\/137923\/revisions"}],"predecessor-version":[{"id":137925,"href":"https:\/\/contenidos.vip\/mastenis\/wp-json\/wp\/v2\/posts\/137923\/revisions\/137925"}],"wp:featuredmedia":[{"embeddable":true,"href":"https:\/\/contenidos.vip\/mastenis\/wp-json\/wp\/v2\/media\/137924"}],"wp:attachment":[{"href":"https:\/\/contenidos.vip\/mastenis\/wp-json\/wp\/v2\/media?parent=137923"}],"wp:term":[{"taxonomy":"category","embeddable":true,"href":"https:\/\/contenidos.vip\/mastenis\/wp-json\/wp\/v2\/categories?post=137923"},{"taxonomy":"post_tag","embeddable":true,"href":"https:\/\/contenidos.vip\/mastenis\/wp-json\/wp\/v2\/tags?post=137923"},{"taxonomy":"yst_prominent_words","embeddable":true,"href":"https:\/\/contenidos.vip\/mastenis\/wp-json\/wp\/v2\/yst_prominent_words?post=137923"}],"curies":[{"name":"wp","href":"https:\/\/api.w.org\/{rel}","templated":true}]}}