{"id":137910,"date":"2018-11-30T10:53:19","date_gmt":"2018-11-30T13:53:19","guid":{"rendered":"https:\/\/contenidos.vip\/mastenis\/?p=137910"},"modified":"2018-11-30T10:53:19","modified_gmt":"2018-11-30T13:53:19","slug":"mirnyi-se-despide-del-tenis","status":"publish","type":"post","link":"https:\/\/contenidos.vip\/mastenis\/ar\/2018\/11\/30\/mirnyi-se-despide-del-tenis\/","title":{"rendered":"Mirnyi se despide del tenis"},"content":{"rendered":"<h3 style=\"text-align: left\">Tras 22 a\u00f1os de carrera y 53 t\u00edtulos, &#8220;La Bestia&#8221; bielorusa se retira del circuito profesional.<\/h3>\n<p><img loading=\"lazy\" class=\"alignnone size-full wp-image-137911\" src=\"https:\/\/mastenis.contenidos.playtown.com.ar\/wp-content\/uploads\/sites\/14\/2018\/11\/Mirnyi-2-e1543585964347.jpg\" alt=\"\" width=\"1080\" height=\"608\" srcset=\"https:\/\/dsvfqnf1ocz8d.cloudfront.net\/sites\/9\/2018\/11\/Mirnyi-2-e1543585964347.jpg 1080w, https:\/\/dsvfqnf1ocz8d.cloudfront.net\/sites\/9\/2018\/11\/Mirnyi-2-e1543585964347-768x432.jpg 768w, https:\/\/dsvfqnf1ocz8d.cloudfront.net\/sites\/9\/2018\/11\/Mirnyi-2-e1543585964347-350x197.jpg 350w\" sizes=\"(max-width: 1080px) 100vw, 1080px\" \/><\/p>\n<p style=\"text-align: left\">El gigante Max Mirnyi decidi\u00f3 colgar la raqueta. Despu\u00e9s de una dilatada carrera que lo tuvo como n\u00famero 1 del mundo en dobles, el\u00a0bieloruso de 41 a\u00f1os decidi\u00f3 ponerle final a su vida como tenista profesional.<\/p>\n<p style=\"text-align: left\">&#8220;He llegado a una decisi\u00f3n de que la temporada 2018 fue mi \u00faltimo a\u00f1o compitiendo profesionalmente&#8221;, revel\u00f3 Mirnyi.<\/p>\n<p style=\"text-align: left\">\u201cFue una elecci\u00f3n muy dif\u00edcil para m\u00ed, ya que el tenis ha sido mi vida desde que puedo recordarme a m\u00ed mismo. Tuve la suerte de lograr mucho m\u00e1s de lo que un ni\u00f1o peque\u00f1o de Minsk, Bielorrusia, podr\u00eda haber so\u00f1ado\u201d, agreg\u00f3 &#8220;La Bestia&#8221;.<\/p>\n<p style=\"text-align: left\">El bielorruso gan\u00f3 52 t\u00edtulos de dobles en el Tour (seis Grand Slams), y recientemente termin\u00f3 su vig\u00e9sima temporada consecutiva de dobles dentro de los 100 mejores.<\/p>\n<p style=\"text-align: left\">Como jugador de singles, ascendi\u00f3 a la posici\u00f3n No. 18 en el Ranking ATP, y gan\u00f3 244 partidos ATP, incluyendo 16 victorias contra Top 10.<\/p>\n<p style=\"text-align: left\">\u201cA lo largo de toda mi carrera, siempre hice lo mejor que pude y trat\u00e9 mi profesi\u00f3n con honor y respeto. Ahora es el momento de seguir adelante con mi vida y aceptar nuevos desaf\u00edos &#8220;, complet\u00f3.<\/p>\n","protected":false},"excerpt":{"rendered":"<p>Tras 22 a\u00f1os de carrera y 53 t\u00edtulos, &#8220;La Bestia&#8221; bielorusa se retira del circuito profesional. El gigante Max Mirnyi decidi\u00f3 colgar la raqueta. Despu\u00e9s de una dilatada carrera que lo tuvo como n\u00famero 1 del mundo en dobles, el\u00a0bieloruso de 41 a\u00f1os decidi\u00f3 ponerle final a su vida como tenista profesional. &#8220;He llegado a [&hellip;]<\/p>\n","protected":false},"author":33,"featured_media":137912,"comment_status":"open","ping_status":"open","sticky":false,"template":"","format":"standard","meta":[],"categories":[1],"tags":[369,367,368,140,215],"yst_prominent_words":[],"lang":"ar","translations":{"ar":137910},"pll_sync_post":[],"_links":{"self":[{"href":"https:\/\/contenidos.vip\/mastenis\/wp-json\/wp\/v2\/posts\/137910"}],"collection":[{"href":"https:\/\/contenidos.vip\/mastenis\/wp-json\/wp\/v2\/posts"}],"about":[{"href":"https:\/\/contenidos.vip\/mastenis\/wp-json\/wp\/v2\/types\/post"}],"author":[{"embeddable":true,"href":"https:\/\/contenidos.vip\/mastenis\/wp-json\/wp\/v2\/users\/33"}],"replies":[{"embeddable":true,"href":"https:\/\/contenidos.vip\/mastenis\/wp-json\/wp\/v2\/comments?post=137910"}],"version-history":[{"count":1,"href":"https:\/\/contenidos.vip\/mastenis\/wp-json\/wp\/v2\/posts\/137910\/revisions"}],"predecessor-version":[{"id":137913,"href":"https:\/\/contenidos.vip\/mastenis\/wp-json\/wp\/v2\/posts\/137910\/revisions\/137913"}],"wp:featuredmedia":[{"embeddable":true,"href":"https:\/\/contenidos.vip\/mastenis\/wp-json\/wp\/v2\/media\/137912"}],"wp:attachment":[{"href":"https:\/\/contenidos.vip\/mastenis\/wp-json\/wp\/v2\/media?parent=137910"}],"wp:term":[{"taxonomy":"category","embeddable":true,"href":"https:\/\/contenidos.vip\/mastenis\/wp-json\/wp\/v2\/categories?post=137910"},{"taxonomy":"post_tag","embeddable":true,"href":"https:\/\/contenidos.vip\/mastenis\/wp-json\/wp\/v2\/tags?post=137910"},{"taxonomy":"yst_prominent_words","embeddable":true,"href":"https:\/\/contenidos.vip\/mastenis\/wp-json\/wp\/v2\/yst_prominent_words?post=137910"}],"curies":[{"name":"wp","href":"https:\/\/api.w.org\/{rel}","templated":true}]}}