{"id":137861,"date":"2018-11-28T07:52:02","date_gmt":"2018-11-28T10:52:02","guid":{"rendered":"https:\/\/contenidos.vip\/mastenis\/?p=137861"},"modified":"2018-11-28T07:52:02","modified_gmt":"2018-11-28T10:52:02","slug":"tsonga-apela-a-bruguera-para-recuperar-su-nivel","status":"publish","type":"post","link":"https:\/\/contenidos.vip\/mastenis\/ar\/2018\/11\/28\/tsonga-apela-a-bruguera-para-recuperar-su-nivel\/","title":{"rendered":"Tsonga apela a Bruguera para recuperar su nivel"},"content":{"rendered":"<h3 style=\"text-align: left\">El franc\u00e9s sum\u00f3 al capit\u00e1n de Copa Davis espa\u00f1ol y ex entrenador de Gasquet, a su equipo de trabajo.<\/h3>\n<p><img loading=\"lazy\" class=\"alignnone size-full wp-image-137862\" src=\"https:\/\/mastenis.contenidos.playtown.com.ar\/wp-content\/uploads\/sites\/14\/2018\/11\/Bruguera.jpg\" alt=\"\" width=\"990\" height=\"557\" srcset=\"https:\/\/dsvfqnf1ocz8d.cloudfront.net\/sites\/9\/2018\/11\/Bruguera.jpg 990w, https:\/\/dsvfqnf1ocz8d.cloudfront.net\/sites\/9\/2018\/11\/Bruguera-768x432.jpg 768w, https:\/\/dsvfqnf1ocz8d.cloudfront.net\/sites\/9\/2018\/11\/Bruguera-350x197.jpg 350w\" sizes=\"(max-width: 990px) 100vw, 990px\" \/><\/p>\n<p style=\"text-align: left\">Tal como se ven\u00eda rumoreando desde hace unos d\u00edas, el tenista franc\u00e9s Jo-Wilfred Tsonga comenzar\u00e1 a ser entrenado por el experimentado espa\u00f1ol Sergi Bruguera.<\/p>\n<p style=\"text-align: left\">El catal\u00e1n, entonces, tendr\u00e1 durante 2019 un doble rol, ya que adem\u00e1s seguir\u00e1 siendo capit\u00e1n del equipo espa\u00f1ol de Copa Davis. Aunque debido al nuevo formato, no tendr\u00e1 tantos compromisos.<\/p>\n<p style=\"text-align: left\">Con esta uni\u00f3n, el galo busca volver a los primeros planos del tenis mundial, donde supo estar durante varios a\u00f1os (fue n\u00famero 5 del mundo), aunque durante la \u00faltima temporada casi no pudo jugar por lesiones y acab\u00f3 259.<\/p>\n","protected":false},"excerpt":{"rendered":"<p>El franc\u00e9s sum\u00f3 al capit\u00e1n de Copa Davis espa\u00f1ol y ex entrenador de Gasquet, a su equipo de trabajo. Tal como se ven\u00eda rumoreando desde hace unos d\u00edas, el tenista franc\u00e9s Jo-Wilfred Tsonga comenzar\u00e1 a ser entrenado por el experimentado espa\u00f1ol Sergi Bruguera. El catal\u00e1n, entonces, tendr\u00e1 durante 2019 un doble rol, ya que adem\u00e1s [&hellip;]<\/p>\n","protected":false},"author":33,"featured_media":137863,"comment_status":"open","ping_status":"open","sticky":false,"template":"","format":"standard","meta":[],"categories":[1],"tags":[326,89,351],"yst_prominent_words":[],"lang":"ar","translations":{"ar":137861},"pll_sync_post":[],"_links":{"self":[{"href":"https:\/\/contenidos.vip\/mastenis\/wp-json\/wp\/v2\/posts\/137861"}],"collection":[{"href":"https:\/\/contenidos.vip\/mastenis\/wp-json\/wp\/v2\/posts"}],"about":[{"href":"https:\/\/contenidos.vip\/mastenis\/wp-json\/wp\/v2\/types\/post"}],"author":[{"embeddable":true,"href":"https:\/\/contenidos.vip\/mastenis\/wp-json\/wp\/v2\/users\/33"}],"replies":[{"embeddable":true,"href":"https:\/\/contenidos.vip\/mastenis\/wp-json\/wp\/v2\/comments?post=137861"}],"version-history":[{"count":1,"href":"https:\/\/contenidos.vip\/mastenis\/wp-json\/wp\/v2\/posts\/137861\/revisions"}],"predecessor-version":[{"id":137864,"href":"https:\/\/contenidos.vip\/mastenis\/wp-json\/wp\/v2\/posts\/137861\/revisions\/137864"}],"wp:featuredmedia":[{"embeddable":true,"href":"https:\/\/contenidos.vip\/mastenis\/wp-json\/wp\/v2\/media\/137863"}],"wp:attachment":[{"href":"https:\/\/contenidos.vip\/mastenis\/wp-json\/wp\/v2\/media?parent=137861"}],"wp:term":[{"taxonomy":"category","embeddable":true,"href":"https:\/\/contenidos.vip\/mastenis\/wp-json\/wp\/v2\/categories?post=137861"},{"taxonomy":"post_tag","embeddable":true,"href":"https:\/\/contenidos.vip\/mastenis\/wp-json\/wp\/v2\/tags?post=137861"},{"taxonomy":"yst_prominent_words","embeddable":true,"href":"https:\/\/contenidos.vip\/mastenis\/wp-json\/wp\/v2\/yst_prominent_words?post=137861"}],"curies":[{"name":"wp","href":"https:\/\/api.w.org\/{rel}","templated":true}]}}