{"id":137828,"date":"2018-11-07T12:09:49","date_gmt":"2018-11-07T15:09:49","guid":{"rendered":"https:\/\/contenidos.vip\/mastenis\/?p=137828"},"modified":"2018-11-26T12:16:11","modified_gmt":"2018-11-26T15:16:11","slug":"el-extrano-record-de-nadal","status":"publish","type":"post","link":"https:\/\/contenidos.vip\/mastenis\/ar\/2018\/11\/07\/el-extrano-record-de-nadal\/","title":{"rendered":"El extra\u00f1o r\u00e9cord de Nadal"},"content":{"rendered":"<p><em>Por: Juan Tom\u00e1s Kucharski<\/em><\/p>\n<h3>El mallorqu\u00edn, ex n\u00famero uno del mundo, posee el r\u00e9cord de catorce clasificaciones consecutivas al Masters de fin de temporada. Sin embargo, en seis de esas ocasiones, no disput\u00f3 el certamen por distintas lesiones.<\/h3>\n<p>El principio de esta semana se sacudi\u00f3 con una bomba en noticias ten\u00edsticas. Rafael Nadal no se recuper\u00f3 de su lesi\u00f3n abdominal y se baj\u00f3 del Masters de Londres, torneo que re\u00fane a los mejores ocho tenistas del corriente a\u00f1o y que cerrar\u00e1 el calendario ATP en este 2018.<\/p>\n<p>Pero no todo es asunto de la mera noticia actual, sino que hay una estad\u00edstica que acompa\u00f1a al ex n\u00famero uno del mundo que realmente es extra\u00f1a y, al mismo tiempo, sorprendente: Nadal estar\u00e1 ausente de la \u00faltima cita del a\u00f1o por sexta vez en su carrera.<\/p>\n<p>Hace falta remitirse a los n\u00fameros de a\u00f1os anteriores y analizar este hecho inusual. Desde 2005, el oriundo de Manacor se ha clasificado al certamen todos los a\u00f1os, llegando a la incre\u00edble marca de catorce clasificaciones en forma consecutiva, algo que no puede ser igualado por ninguno de sus tenistas contempor\u00e1neos y que marca la calidad y la contundencia de Nadal a\u00f1o tras a\u00f1o en el circuito ATP. Sin embargo, no todo es color de rosas para el espa\u00f1ol, ya que en seis de esas clasificaciones tuvo que darse de baja del torneo por padecer diferentes lesiones y este hecho sucedi\u00f3 en los a\u00f1os 2005, 2008, 2012, 2014, 2016 y la actual temporada 2018.<\/p>\n<p>No obstante, y m\u00e1s all\u00e1 de que haya sido un torneo esquivo para el palmar\u00e9s del zurdo mallorqu\u00edn, ha alcanzado dos finales (2010 y 2013) y otras tres semifinales (2006, 2007 y 2015), demostrando que en sus participaciones anteriores, gran parte de las veces estuvo peleando entre los cuatro mejores de la competencia.<\/p>\n<p>Cabe destacar que Nadal se clasific\u00f3 a la edici\u00f3n de este a\u00f1o tras coronarse en cinco torneos, entre los que destacan el Grand Slam parisino, Roland Garros, y los Masters 1000 de Montecarlo, Roma y Montreal, consiguiendo, entre otras marcas, un r\u00e9cord de 45-4, lo que le genera un 92% en victorias en lo que signific\u00f3 su 2018.<\/p>\n","protected":false},"excerpt":{"rendered":"<p>Por: Juan Tom\u00e1s Kucharski El mallorqu\u00edn, ex n\u00famero uno del mundo, posee el r\u00e9cord de catorce clasificaciones consecutivas al Masters de fin de temporada. Sin embargo, en seis de esas ocasiones, no disput\u00f3 el certamen por distintas lesiones. El principio de esta semana se sacudi\u00f3 con una bomba en noticias ten\u00edsticas. Rafael Nadal no se [&hellip;]<\/p>\n","protected":false},"author":40,"featured_media":137834,"comment_status":"open","ping_status":"open","sticky":false,"template":"","format":"standard","meta":[],"categories":[1],"tags":[218,52],"yst_prominent_words":[],"lang":"ar","translations":{"ar":137828},"pll_sync_post":[],"_links":{"self":[{"href":"https:\/\/contenidos.vip\/mastenis\/wp-json\/wp\/v2\/posts\/137828"}],"collection":[{"href":"https:\/\/contenidos.vip\/mastenis\/wp-json\/wp\/v2\/posts"}],"about":[{"href":"https:\/\/contenidos.vip\/mastenis\/wp-json\/wp\/v2\/types\/post"}],"author":[{"embeddable":true,"href":"https:\/\/contenidos.vip\/mastenis\/wp-json\/wp\/v2\/users\/40"}],"replies":[{"embeddable":true,"href":"https:\/\/contenidos.vip\/mastenis\/wp-json\/wp\/v2\/comments?post=137828"}],"version-history":[{"count":1,"href":"https:\/\/contenidos.vip\/mastenis\/wp-json\/wp\/v2\/posts\/137828\/revisions"}],"predecessor-version":[{"id":137833,"href":"https:\/\/contenidos.vip\/mastenis\/wp-json\/wp\/v2\/posts\/137828\/revisions\/137833"}],"wp:featuredmedia":[{"embeddable":true,"href":"https:\/\/contenidos.vip\/mastenis\/wp-json\/wp\/v2\/media\/137834"}],"wp:attachment":[{"href":"https:\/\/contenidos.vip\/mastenis\/wp-json\/wp\/v2\/media?parent=137828"}],"wp:term":[{"taxonomy":"category","embeddable":true,"href":"https:\/\/contenidos.vip\/mastenis\/wp-json\/wp\/v2\/categories?post=137828"},{"taxonomy":"post_tag","embeddable":true,"href":"https:\/\/contenidos.vip\/mastenis\/wp-json\/wp\/v2\/tags?post=137828"},{"taxonomy":"yst_prominent_words","embeddable":true,"href":"https:\/\/contenidos.vip\/mastenis\/wp-json\/wp\/v2\/yst_prominent_words?post=137828"}],"curies":[{"name":"wp","href":"https:\/\/api.w.org\/{rel}","templated":true}]}}