{"id":137824,"date":"2018-11-26T08:35:23","date_gmt":"2018-11-26T11:35:23","guid":{"rendered":"https:\/\/contenidos.vip\/mastenis\/?p=137824"},"modified":"2018-11-26T08:35:23","modified_gmt":"2018-11-26T11:35:23","slug":"krajan-esto-llevaba-en-mi-mente-por-mucho-tiempo","status":"publish","type":"post","link":"https:\/\/contenidos.vip\/mastenis\/ar\/2018\/11\/26\/krajan-esto-llevaba-en-mi-mente-por-mucho-tiempo\/","title":{"rendered":"Krajan: &#8220;Esto llevaba en mi mente por mucho tiempo&#8221;"},"content":{"rendered":"<h3>El capit\u00e1n del equipo croata consigui\u00f3 la ansiada Copa Davis tras siete a\u00f1os de trabajo: &#8220;Es un honor para m\u00ed estar aqu\u00ed hoy con este dream team&#8221;.<\/h3>\n<blockquote class=\"twitter-tweet\" data-width=\"550\" data-dnt=\"true\">\n<p lang=\"sl\" dir=\"ltr\">El &quot;dream team&quot; del capit\u00e1n Zeljko Krajan  \ud83c\udded\ud83c\uddf7<a href=\"https:\/\/twitter.com\/hashtag\/CopaDavis?src=hash&amp;ref_src=twsrc%5Etfw\">#CopaDavis<\/a> <a href=\"https:\/\/twitter.com\/hashtag\/IdemoHrvatska?src=hash&amp;ref_src=twsrc%5Etfw\">#IdemoHrvatska<\/a> <a href=\"https:\/\/t.co\/lAH7p292u5\">pic.twitter.com\/lAH7p292u5<\/a><\/p>\n<p>&mdash; Copa Davis (@CopaDavis) <a href=\"https:\/\/twitter.com\/CopaDavis\/status\/1066749978306056194?ref_src=twsrc%5Etfw\">November 25, 2018<\/a><\/p><\/blockquote>\n<p><script async src=\"https:\/\/platform.twitter.com\/widgets.js\" charset=\"utf-8\"><\/script><\/p>\n","protected":false},"excerpt":{"rendered":"<p>El capit\u00e1n del equipo croata consigui\u00f3 la ansiada Copa Davis tras siete a\u00f1os de trabajo: &#8220;Es un honor para m\u00ed estar aqu\u00ed hoy con este dream team&#8221;. El &quot;dream team&quot; del capit\u00e1n Zeljko Krajan \ud83c\udded\ud83c\uddf7#CopaDavis #IdemoHrvatska pic.twitter.com\/lAH7p292u5 &mdash; Copa Davis (@CopaDavis) November 25, 2018<\/p>\n","protected":false},"author":33,"featured_media":137825,"comment_status":"open","ping_status":"open","sticky":false,"template":"","format":"standard","meta":[],"categories":[1],"tags":[46,338,337],"yst_prominent_words":[],"lang":"ar","translations":{"ar":137824},"pll_sync_post":[],"_links":{"self":[{"href":"https:\/\/contenidos.vip\/mastenis\/wp-json\/wp\/v2\/posts\/137824"}],"collection":[{"href":"https:\/\/contenidos.vip\/mastenis\/wp-json\/wp\/v2\/posts"}],"about":[{"href":"https:\/\/contenidos.vip\/mastenis\/wp-json\/wp\/v2\/types\/post"}],"author":[{"embeddable":true,"href":"https:\/\/contenidos.vip\/mastenis\/wp-json\/wp\/v2\/users\/33"}],"replies":[{"embeddable":true,"href":"https:\/\/contenidos.vip\/mastenis\/wp-json\/wp\/v2\/comments?post=137824"}],"version-history":[{"count":1,"href":"https:\/\/contenidos.vip\/mastenis\/wp-json\/wp\/v2\/posts\/137824\/revisions"}],"predecessor-version":[{"id":137826,"href":"https:\/\/contenidos.vip\/mastenis\/wp-json\/wp\/v2\/posts\/137824\/revisions\/137826"}],"wp:featuredmedia":[{"embeddable":true,"href":"https:\/\/contenidos.vip\/mastenis\/wp-json\/wp\/v2\/media\/137825"}],"wp:attachment":[{"href":"https:\/\/contenidos.vip\/mastenis\/wp-json\/wp\/v2\/media?parent=137824"}],"wp:term":[{"taxonomy":"category","embeddable":true,"href":"https:\/\/contenidos.vip\/mastenis\/wp-json\/wp\/v2\/categories?post=137824"},{"taxonomy":"post_tag","embeddable":true,"href":"https:\/\/contenidos.vip\/mastenis\/wp-json\/wp\/v2\/tags?post=137824"},{"taxonomy":"yst_prominent_words","embeddable":true,"href":"https:\/\/contenidos.vip\/mastenis\/wp-json\/wp\/v2\/yst_prominent_words?post=137824"}],"curies":[{"name":"wp","href":"https:\/\/api.w.org\/{rel}","templated":true}]}}