{"id":137814,"date":"2018-11-23T12:55:51","date_gmt":"2018-11-23T15:55:51","guid":{"rendered":"https:\/\/contenidos.vip\/mastenis\/?p=137814"},"modified":"2018-11-23T12:55:51","modified_gmt":"2018-11-23T15:55:51","slug":"coric-da-el-primer-golpe-ante-francia","status":"publish","type":"post","link":"https:\/\/contenidos.vip\/mastenis\/ar\/2018\/11\/23\/coric-da-el-primer-golpe-ante-francia\/","title":{"rendered":"Coric da el primer golpe ante Francia"},"content":{"rendered":"<h3 style=\"text-align: left\">El croata super\u00f3 a Chardy en el primer partido de la final. Tsonga intentar\u00e1 emparejar la serie ante Cilic.<\/h3>\n<blockquote class=\"twitter-tweet\" data-width=\"550\" data-dnt=\"true\">\n<p lang=\"es\" dir=\"ltr\">\ud83c\udded\ud83c\uddf7 <a href=\"https:\/\/twitter.com\/borna_coric?ref_src=twsrc%5Etfw\">@borna_coric<\/a> derrota a Jeremy Chardy por 62 75 64 en un abarrotado Stade Pierre-Mauroy de Lille <a href=\"https:\/\/twitter.com\/hashtag\/CopaDavis?src=hash&amp;ref_src=twsrc%5Etfw\">#CopaDavis<\/a> <a href=\"https:\/\/t.co\/EO4fgK8Lvy\">pic.twitter.com\/EO4fgK8Lvy<\/a><\/p>\n<p>&mdash; Copa Davis (@CopaDavis) <a href=\"https:\/\/twitter.com\/CopaDavis\/status\/1065991134948835328?ref_src=twsrc%5Etfw\">November 23, 2018<\/a><\/p><\/blockquote>\n<p><script async src=\"https:\/\/platform.twitter.com\/widgets.js\" charset=\"utf-8\"><\/script><\/p>\n<p style=\"text-align: left\">La final de Copa Davis comenz\u00f3 con ventaja para Croacia, tras el triunfo de Borna Coric ante Jeremy Chardy por 6-2, 7-5 y 6-4 tras dos horas y 19 minutos de partido en un repleto Stade Pierre-Mauroy de Lille.<\/p>\n<p style=\"text-align: left\">Coric, de 22 a\u00f1os, se mostr\u00f3 durante todo el partido muy superior a su rival, que con 30 a\u00f1os hac\u00eda su primera participaci\u00f3n en una final de Copa Davis.<\/p>\n<p style=\"text-align: left\">El segundo partido de la jornada lo protagonizar\u00e1n el n\u00famero 1 croata, Marin Cilic, ante el franc\u00e9s Jo-Wilfried Tsonga, que acaba de reaparecer luego de siete meses apartado del circuito por lesi\u00f3n y fue otra fuerte apuesta del capit\u00e1n franc\u00e9s.<\/p>\n<p style=\"text-align: left\">\n","protected":false},"excerpt":{"rendered":"<p>El croata super\u00f3 a Chardy en el primer partido de la final. Tsonga intentar\u00e1 emparejar la serie ante Cilic. \ud83c\udded\ud83c\uddf7 @borna_coric derrota a Jeremy Chardy por 62 75 64 en un abarrotado Stade Pierre-Mauroy de Lille #CopaDavis pic.twitter.com\/EO4fgK8Lvy &mdash; Copa Davis (@CopaDavis) November 23, 2018 La final de Copa Davis comenz\u00f3 con ventaja para Croacia, [&hellip;]<\/p>\n","protected":false},"author":33,"featured_media":137815,"comment_status":"open","ping_status":"open","sticky":false,"template":"","format":"standard","meta":[],"categories":[1],"tags":[62,46,92,10],"yst_prominent_words":[],"lang":"ar","translations":{"ar":137814},"pll_sync_post":[],"_links":{"self":[{"href":"https:\/\/contenidos.vip\/mastenis\/wp-json\/wp\/v2\/posts\/137814"}],"collection":[{"href":"https:\/\/contenidos.vip\/mastenis\/wp-json\/wp\/v2\/posts"}],"about":[{"href":"https:\/\/contenidos.vip\/mastenis\/wp-json\/wp\/v2\/types\/post"}],"author":[{"embeddable":true,"href":"https:\/\/contenidos.vip\/mastenis\/wp-json\/wp\/v2\/users\/33"}],"replies":[{"embeddable":true,"href":"https:\/\/contenidos.vip\/mastenis\/wp-json\/wp\/v2\/comments?post=137814"}],"version-history":[{"count":1,"href":"https:\/\/contenidos.vip\/mastenis\/wp-json\/wp\/v2\/posts\/137814\/revisions"}],"predecessor-version":[{"id":137816,"href":"https:\/\/contenidos.vip\/mastenis\/wp-json\/wp\/v2\/posts\/137814\/revisions\/137816"}],"wp:featuredmedia":[{"embeddable":true,"href":"https:\/\/contenidos.vip\/mastenis\/wp-json\/wp\/v2\/media\/137815"}],"wp:attachment":[{"href":"https:\/\/contenidos.vip\/mastenis\/wp-json\/wp\/v2\/media?parent=137814"}],"wp:term":[{"taxonomy":"category","embeddable":true,"href":"https:\/\/contenidos.vip\/mastenis\/wp-json\/wp\/v2\/categories?post=137814"},{"taxonomy":"post_tag","embeddable":true,"href":"https:\/\/contenidos.vip\/mastenis\/wp-json\/wp\/v2\/tags?post=137814"},{"taxonomy":"yst_prominent_words","embeddable":true,"href":"https:\/\/contenidos.vip\/mastenis\/wp-json\/wp\/v2\/yst_prominent_words?post=137814"}],"curies":[{"name":"wp","href":"https:\/\/api.w.org\/{rel}","templated":true}]}}