{"id":137715,"date":"2018-11-20T08:26:58","date_gmt":"2018-11-20T11:26:58","guid":{"rendered":"https:\/\/contenidos.vip\/mastenis\/?p=137715"},"modified":"2018-11-20T08:26:58","modified_gmt":"2018-11-20T11:26:58","slug":"zverev-el-sorpresivo-campeon-en-londres","status":"publish","type":"post","link":"https:\/\/contenidos.vip\/mastenis\/ar\/2018\/11\/20\/zverev-el-sorpresivo-campeon-en-londres\/","title":{"rendered":"Zverev, el sorpresivo campe\u00f3n en Londres"},"content":{"rendered":"<h3 style=\"text-align: left\">El alem\u00e1n se qued\u00f3 con las Finales ATP tras derrotar a Federer y a Djokovic en d\u00edas consecutivos.<\/h3>\n<p><iframe width=\"640\" height=\"360\" src=\"https:\/\/www.youtube.com\/embed\/nShfSyZ2ICk?feature=oembed\" frameborder=\"0\" allow=\"accelerometer; autoplay; encrypted-media; gyroscope; picture-in-picture\" allowfullscreen><\/iframe><\/p>\n<p style=\"text-align: left\">El alem\u00e1n Alexander Zverev tiene motivos de sobra para festejar: se consagr\u00f3 campe\u00f3n de las Finales ATP de Londres, el t\u00edtulo m\u00e1s importante de su carrera, tras superar al serbio Novak Djokovic por un inapelable 6-4 y 6-3.<\/p>\n<p style=\"text-align: left\">Sascha, que el mi\u00e9rcoles pasado hab\u00eda ca\u00eddo ante Nole en la fase de grupos, sali\u00f3 a buscar el partido desde el comienzo, se mostr\u00f3 muy agresivo intentando generar las situaciones a su favor, forzando siempre el tiro ganador o el error de su rival.<\/p>\n<p style=\"text-align: left\">Adem\u00e1s, como si superar a Djokovic no fuera suficiente m\u00e9rito, el alem\u00e1n hab\u00eda vencido en la semifinal al suizo Roger Federer. Solo tres jugadores en la historia hab\u00edan logrado tumbar a Roger y Nole a partir de semis en un mismo torneo.<\/p>\n<p style=\"text-align: left\">En tanto, se convirti\u00f3 en el primer germano en ganar las Finales ATP desde 1995 con Boris Becker, y el campe\u00f3n m\u00e1s joven desde Djokovic, que en 2008 tambi\u00e9n se coron\u00f3 con 21 a\u00f1os.<\/p>\n<p style=\"text-align: left\">Finalmente, Zverev despide la temporada como el jugador con m\u00e1s triunfos del circuito con 58 victorias y asciende al n\u00famero 4 del mundo, relegando al argentino Juan Mart\u00edn del Potro al quinto lugar.<\/p>\n","protected":false},"excerpt":{"rendered":"<p>El alem\u00e1n se qued\u00f3 con las Finales ATP tras derrotar a Federer y a Djokovic en d\u00edas consecutivos. El alem\u00e1n Alexander Zverev tiene motivos de sobra para festejar: se consagr\u00f3 campe\u00f3n de las Finales ATP de Londres, el t\u00edtulo m\u00e1s importante de su carrera, tras superar al serbio Novak Djokovic por un inapelable 6-4 y [&hellip;]<\/p>\n","protected":false},"author":33,"featured_media":137716,"comment_status":"open","ping_status":"open","sticky":false,"template":"","format":"standard","meta":[],"categories":[1],"tags":[63,10,250,173,25,28],"yst_prominent_words":[],"lang":"ar","translations":{"ar":137715},"pll_sync_post":[],"_links":{"self":[{"href":"https:\/\/contenidos.vip\/mastenis\/wp-json\/wp\/v2\/posts\/137715"}],"collection":[{"href":"https:\/\/contenidos.vip\/mastenis\/wp-json\/wp\/v2\/posts"}],"about":[{"href":"https:\/\/contenidos.vip\/mastenis\/wp-json\/wp\/v2\/types\/post"}],"author":[{"embeddable":true,"href":"https:\/\/contenidos.vip\/mastenis\/wp-json\/wp\/v2\/users\/33"}],"replies":[{"embeddable":true,"href":"https:\/\/contenidos.vip\/mastenis\/wp-json\/wp\/v2\/comments?post=137715"}],"version-history":[{"count":1,"href":"https:\/\/contenidos.vip\/mastenis\/wp-json\/wp\/v2\/posts\/137715\/revisions"}],"predecessor-version":[{"id":137717,"href":"https:\/\/contenidos.vip\/mastenis\/wp-json\/wp\/v2\/posts\/137715\/revisions\/137717"}],"wp:featuredmedia":[{"embeddable":true,"href":"https:\/\/contenidos.vip\/mastenis\/wp-json\/wp\/v2\/media\/137716"}],"wp:attachment":[{"href":"https:\/\/contenidos.vip\/mastenis\/wp-json\/wp\/v2\/media?parent=137715"}],"wp:term":[{"taxonomy":"category","embeddable":true,"href":"https:\/\/contenidos.vip\/mastenis\/wp-json\/wp\/v2\/categories?post=137715"},{"taxonomy":"post_tag","embeddable":true,"href":"https:\/\/contenidos.vip\/mastenis\/wp-json\/wp\/v2\/tags?post=137715"},{"taxonomy":"yst_prominent_words","embeddable":true,"href":"https:\/\/contenidos.vip\/mastenis\/wp-json\/wp\/v2\/yst_prominent_words?post=137715"}],"curies":[{"name":"wp","href":"https:\/\/api.w.org\/{rel}","templated":true}]}}