{"id":137646,"date":"2018-11-14T11:32:25","date_gmt":"2018-11-14T14:32:25","guid":{"rendered":"https:\/\/contenidos.vip\/mastenis\/?p=137646"},"modified":"2018-11-14T11:32:31","modified_gmt":"2018-11-14T14:32:31","slug":"federer-necesitaba-despejarme","status":"publish","type":"post","link":"https:\/\/contenidos.vip\/mastenis\/ar\/2018\/11\/14\/federer-necesitaba-despejarme\/","title":{"rendered":"Federer: &#8220;Necesitaba despejarme&#8221;"},"content":{"rendered":"<h3 style=\"text-align: left\">El suizo se refiri\u00f3 al triunfo ante Thiem, de su pr\u00f3ximo compromiso frente a Anderson y de los dichos de Benneteau.<\/h3>\n<p style=\"text-align: left\">Roger Federer se present\u00f3 en conferencia de prensa luego de su victoria ante el austriaco Dominic Thiem, que le permiti\u00f3 seguir con esperanzas de clasificarse a las semifinales de las Finales ATP de Londres y toc\u00f3 varios temas importantes.<\/p>\n<p style=\"text-align: left\">Sobre la inc\u00f3gnita que se hab\u00eda abierto luego de que no practicara el d\u00eda antes del encuentro ante el austriaco apunt\u00f3: &#8220;No practiqu\u00e9 y funcion\u00f3. Har\u00e9 lo mismo ma\u00f1ana (risas). Me encuentro muy bien f\u00edsicamente y eso es muy importante para m\u00ed&#8221;.<\/p>\n<p style=\"text-align: left\"><img loading=\"lazy\" class=\"alignnone size-full wp-image-137647\" src=\"https:\/\/mastenis.contenidos.playtown.com.ar\/wp-content\/uploads\/sites\/14\/2018\/11\/Federer-Londres-2-e1542205775853.jpg\" alt=\"\" width=\"1080\" height=\"608\" srcset=\"https:\/\/dsvfqnf1ocz8d.cloudfront.net\/sites\/9\/2018\/11\/Federer-Londres-2-e1542205775853.jpg 1080w, https:\/\/dsvfqnf1ocz8d.cloudfront.net\/sites\/9\/2018\/11\/Federer-Londres-2-e1542205775853-768x432.jpg 768w, https:\/\/dsvfqnf1ocz8d.cloudfront.net\/sites\/9\/2018\/11\/Federer-Londres-2-e1542205775853-350x197.jpg 350w\" sizes=\"(max-width: 1080px) 100vw, 1080px\" \/><\/p>\n<p style=\"text-align: left\">&#8220;El problema que tuve el otro d\u00eda era mental y no f\u00edsico. Necesitaba despejarme un poco con mi familia y viendo lo acontecido me vino muy bien&#8221;, agreg\u00f3 el helv\u00e9tico en alusi\u00f3n a su flojo rendimiento en el debut.<\/p>\n<p style=\"text-align: left\">En tanto, refiri\u00e9ndose a su pr\u00f3ximo compromiso se\u00f1al\u00f3: &#8220;Anderson es un jugador fant\u00e1stico y tienes que desplegar tu mejor tenis para poder derrotarlo. Ya lo vimos en sus dos primeros partidos aqu\u00ed lo fuerte que se encuentra&#8221;.<\/p>\n<p style=\"text-align: left\">Finalmente, hizo menci\u00f3n a los dichos del ex tenista franc\u00e9s Julien Benneteau, que hab\u00eda acusado a Federer de recibir beneficios en los Grand Slams. &#8220;No voy a discutir acerca de los comentarios que hizo Benneteau en la radio sobre m\u00ed. Julien es un gran tipo&#8221;, coment\u00f3.<\/p>\n<p style=\"text-align: left\">&#8220;A veces en los Grand Slams te preguntan cu\u00e1ndo prefieres jugar y otras veces no lo hacen. Creo que todo se ha sacado de contexto con el fin de crear pol\u00e9mica. Mi relaci\u00f3n con Benneteau es buena&#8221;, concluy\u00f3 baj\u00e1ndole decibeles a la cuesti\u00f3n.<\/p>\n","protected":false},"excerpt":{"rendered":"<p>El suizo se refiri\u00f3 al triunfo ante Thiem, de su pr\u00f3ximo compromiso frente a Anderson y de los dichos de Benneteau. Roger Federer se present\u00f3 en conferencia de prensa luego de su victoria ante el austriaco Dominic Thiem, que le permiti\u00f3 seguir con esperanzas de clasificarse a las semifinales de las Finales ATP de Londres [&hellip;]<\/p>\n","protected":false},"author":33,"featured_media":137648,"comment_status":"open","ping_status":"open","sticky":false,"template":"","format":"standard","meta":[],"categories":[1],"tags":[254,156,31,273,40,28],"yst_prominent_words":[],"lang":"ar","translations":{"ar":137646},"pll_sync_post":[],"_links":{"self":[{"href":"https:\/\/contenidos.vip\/mastenis\/wp-json\/wp\/v2\/posts\/137646"}],"collection":[{"href":"https:\/\/contenidos.vip\/mastenis\/wp-json\/wp\/v2\/posts"}],"about":[{"href":"https:\/\/contenidos.vip\/mastenis\/wp-json\/wp\/v2\/types\/post"}],"author":[{"embeddable":true,"href":"https:\/\/contenidos.vip\/mastenis\/wp-json\/wp\/v2\/users\/33"}],"replies":[{"embeddable":true,"href":"https:\/\/contenidos.vip\/mastenis\/wp-json\/wp\/v2\/comments?post=137646"}],"version-history":[{"count":2,"href":"https:\/\/contenidos.vip\/mastenis\/wp-json\/wp\/v2\/posts\/137646\/revisions"}],"predecessor-version":[{"id":137650,"href":"https:\/\/contenidos.vip\/mastenis\/wp-json\/wp\/v2\/posts\/137646\/revisions\/137650"}],"wp:featuredmedia":[{"embeddable":true,"href":"https:\/\/contenidos.vip\/mastenis\/wp-json\/wp\/v2\/media\/137648"}],"wp:attachment":[{"href":"https:\/\/contenidos.vip\/mastenis\/wp-json\/wp\/v2\/media?parent=137646"}],"wp:term":[{"taxonomy":"category","embeddable":true,"href":"https:\/\/contenidos.vip\/mastenis\/wp-json\/wp\/v2\/categories?post=137646"},{"taxonomy":"post_tag","embeddable":true,"href":"https:\/\/contenidos.vip\/mastenis\/wp-json\/wp\/v2\/tags?post=137646"},{"taxonomy":"yst_prominent_words","embeddable":true,"href":"https:\/\/contenidos.vip\/mastenis\/wp-json\/wp\/v2\/yst_prominent_words?post=137646"}],"curies":[{"name":"wp","href":"https:\/\/api.w.org\/{rel}","templated":true}]}}