{"id":137636,"date":"2018-11-14T08:00:39","date_gmt":"2018-11-14T11:00:39","guid":{"rendered":"https:\/\/contenidos.vip\/mastenis\/?p=137636"},"modified":"2018-11-14T08:00:39","modified_gmt":"2018-11-14T11:00:39","slug":"federer-se-da-vida-en-londres","status":"publish","type":"post","link":"https:\/\/contenidos.vip\/mastenis\/ar\/2018\/11\/14\/federer-se-da-vida-en-londres\/","title":{"rendered":"Federer se da vida en Londres"},"content":{"rendered":"<h3 style=\"text-align: left\">Tras la derrota en su debut, el suizo super\u00f3 a Thiem y el jueves buscar\u00e1 el pasaje a las semifinales.<\/h3>\n<p><iframe width=\"640\" height=\"360\" src=\"https:\/\/www.youtube.com\/embed\/bNpqbJiiJ0k?feature=oembed\" frameborder=\"0\" allow=\"accelerometer; autoplay; encrypted-media; gyroscope; picture-in-picture\" allowfullscreen><\/iframe><\/p>\n<p style=\"text-align: left\">El suizo Roger Federer, n\u00famero 3 del mundo, dej\u00f3 atr\u00e1s de la mejor manera la magra imagen exhibida en el estreno de las Finales ATP de Londres. Fue con un s\u00f3lido triunfo sobre el austriaco Dominic Thiem (8\u00ba) por\u00a06-2 y 6-3 al austr\u00edaco en una hora y seis minutos de juego.<\/p>\n<p style=\"text-align: left\">Aunque no mostr\u00f3 su tenis m\u00e1s floreado (de hecho\u00a0conect\u00f3 cinco tiros ganadores contra once errores no forzados), supo manejar los hilos del partido y aprovechar los baches en el juego de Thiem, que se mostr\u00f3 todav\u00eda m\u00e1s err\u00e1tico (31 errores no forzados).<\/p>\n<p style=\"text-align: left\">De esta manera, el jueves ir\u00e1 por la clasificaci\u00f3n ante el sudafricano Kevin Anderson (6\u00ba), quien fue el que mejor se mostr\u00f3 en el Grupo Lleyton Hewitt, ganando en sus dos presentaciones.<\/p>\n<p style=\"text-align: left\">Y si bien el conseguir el boleto a semis depende del propio Roger, la posibilidad de quedarse con las manos vac\u00edas sigue latente.<\/p>\n<blockquote class=\"twitter-tweet\" data-width=\"550\" data-dnt=\"true\">\n<p lang=\"ro\" dir=\"ltr\"><a href=\"https:\/\/twitter.com\/hashtag\/NittoATPFinals?src=hash&amp;ref_src=twsrc%5Etfw\">#NittoATPFinals<\/a> SF scenarios \u2b07\ufe0f for <a href=\"https:\/\/twitter.com\/rogerfederer?ref_src=twsrc%5Etfw\">@rogerfederer<\/a>, <a href=\"https:\/\/twitter.com\/KAndersonATP?ref_src=twsrc%5Etfw\">@kandersonatp<\/a>, <a href=\"https:\/\/twitter.com\/keinishikori?ref_src=twsrc%5Etfw\">@keinishikori<\/a>, <a href=\"https:\/\/twitter.com\/ThiemDomi?ref_src=twsrc%5Etfw\">@ThiemDomi<\/a> <a href=\"https:\/\/twitter.com\/hashtag\/ATP?src=hash&amp;ref_src=twsrc%5Etfw\">#ATP<\/a> <a href=\"https:\/\/t.co\/K7K2qT3Lpf\">pic.twitter.com\/K7K2qT3Lpf<\/a><\/p>\n<p>&mdash; ATP World Tour (@ATPWorldTour) <a href=\"https:\/\/twitter.com\/ATPWorldTour\/status\/1062457025597227008?ref_src=twsrc%5Etfw\">November 13, 2018<\/a><\/p><\/blockquote>\n<p><script async src=\"https:\/\/platform.twitter.com\/widgets.js\" charset=\"utf-8\"><\/script><\/p>\n","protected":false},"excerpt":{"rendered":"<p>Tras la derrota en su debut, el suizo super\u00f3 a Thiem y el jueves buscar\u00e1 el pasaje a las semifinales. El suizo Roger Federer, n\u00famero 3 del mundo, dej\u00f3 atr\u00e1s de la mejor manera la magra imagen exhibida en el estreno de las Finales ATP de Londres. Fue con un s\u00f3lido triunfo sobre el austriaco [&hellip;]<\/p>\n","protected":false},"author":33,"featured_media":137637,"comment_status":"open","ping_status":"open","sticky":false,"template":"","format":"standard","meta":[],"categories":[1],"tags":[156,104,173,28],"yst_prominent_words":[],"lang":"ar","translations":{"ar":137636},"pll_sync_post":[],"_links":{"self":[{"href":"https:\/\/contenidos.vip\/mastenis\/wp-json\/wp\/v2\/posts\/137636"}],"collection":[{"href":"https:\/\/contenidos.vip\/mastenis\/wp-json\/wp\/v2\/posts"}],"about":[{"href":"https:\/\/contenidos.vip\/mastenis\/wp-json\/wp\/v2\/types\/post"}],"author":[{"embeddable":true,"href":"https:\/\/contenidos.vip\/mastenis\/wp-json\/wp\/v2\/users\/33"}],"replies":[{"embeddable":true,"href":"https:\/\/contenidos.vip\/mastenis\/wp-json\/wp\/v2\/comments?post=137636"}],"version-history":[{"count":1,"href":"https:\/\/contenidos.vip\/mastenis\/wp-json\/wp\/v2\/posts\/137636\/revisions"}],"predecessor-version":[{"id":137638,"href":"https:\/\/contenidos.vip\/mastenis\/wp-json\/wp\/v2\/posts\/137636\/revisions\/137638"}],"wp:featuredmedia":[{"embeddable":true,"href":"https:\/\/contenidos.vip\/mastenis\/wp-json\/wp\/v2\/media\/137637"}],"wp:attachment":[{"href":"https:\/\/contenidos.vip\/mastenis\/wp-json\/wp\/v2\/media?parent=137636"}],"wp:term":[{"taxonomy":"category","embeddable":true,"href":"https:\/\/contenidos.vip\/mastenis\/wp-json\/wp\/v2\/categories?post=137636"},{"taxonomy":"post_tag","embeddable":true,"href":"https:\/\/contenidos.vip\/mastenis\/wp-json\/wp\/v2\/tags?post=137636"},{"taxonomy":"yst_prominent_words","embeddable":true,"href":"https:\/\/contenidos.vip\/mastenis\/wp-json\/wp\/v2\/yst_prominent_words?post=137636"}],"curies":[{"name":"wp","href":"https:\/\/api.w.org\/{rel}","templated":true}]}}