{"id":137566,"date":"2018-11-12T11:48:34","date_gmt":"2018-11-12T14:48:34","guid":{"rendered":"https:\/\/contenidos.vip\/mastenis\/?p=137566"},"modified":"2018-11-12T11:48:34","modified_gmt":"2018-11-12T14:48:34","slug":"djokovic-recibio-el-trofeo-del-no-1-en-2018","status":"publish","type":"post","link":"https:\/\/contenidos.vip\/mastenis\/ar\/2018\/11\/12\/djokovic-recibio-el-trofeo-del-no-1-en-2018\/","title":{"rendered":"Djokovic recibi\u00f3 el trofeo del N\u00ba 1 en 2018"},"content":{"rendered":"<h3 style=\"text-align: left\">El serbio terminar\u00e1 la temporada al tope del ranking y fue reconocido en una ceremonia en el O2 de Londres.<\/h3>\n<p><iframe width=\"640\" height=\"360\" src=\"https:\/\/www.youtube.com\/embed\/pUlj2C7RD98?feature=oembed\" frameborder=\"0\" allow=\"accelerometer; autoplay; encrypted-media; gyroscope; picture-in-picture\" allowfullscreen><\/iframe><\/p>\n<p style=\"text-align: left\">Novak Djokovic recibi\u00f3 este domingo el trofeo que le acredita como N\u00ba 1 del mundo al final de la temporada 2018 durante una ceremonia en el O2 de Londres, escenario de las Finales ATP.<\/p>\n<p style=\"text-align: left\">Djokovic, que super\u00f3 al espa\u00f1ol Rafael Nadal en el liderazgo del ranking el pasado 5 de noviembre, consigui\u00f3 un incre\u00edble retorno tras caer al puesto 22 el 21 de mayo de este mismo a\u00f1o.<\/p>\n<p style=\"text-align: left\">Lo logr\u00f3 con una segunda mitad de temporada fenomenal, con cuatro t\u00edtulos entre los que se encuentran dos Grand Slam y dos t\u00edtulos ATP World Tour Masters 1000, en seis finales.<\/p>\n<p style=\"text-align: left\">&#8220;Estoy muy orgulloso de este logro y es a\u00fan m\u00e1s especial este a\u00f1o debido a todo el proceso vivido en los \u00faltimos 15 meses. Especialmente, en los \u00faltimos ocho o diez meses&#8221;, cont\u00f3 Nole en la premiaci\u00f3n.<\/p>\n<p style=\"text-align: left\">Y continu\u00f3: &#8220;Despu\u00e9s de la operaci\u00f3n en el codo en febrero, parec\u00eda bastante improbable que estuviese en esta posici\u00f3n de No. 1 en cuanto a ranking, siendo No. 22, pero tambi\u00e9n por c\u00f3mo me sent\u00eda en la pista y c\u00f3mo estaba jugando&#8221;.<\/p>\n<p style=\"text-align: left\">&#8220;Pero hab\u00eda siempre una parte de m\u00ed que cre\u00eda que pod\u00eda volver y nunca pens\u00e9 que fuese imposible&#8221;, remat\u00f3 el serbio, que\u00a0es uno de los cuatro jugadores de la historia en terminar como n\u00famero 1 en al menos cinco oportunidades, junto a Pete Sampras (seis), Jimmy Connors y Roger Federer (cinco).<\/p>\n","protected":false},"excerpt":{"rendered":"<p>El serbio terminar\u00e1 la temporada al tope del ranking y fue reconocido en una ceremonia en el O2 de Londres. Novak Djokovic recibi\u00f3 este domingo el trofeo que le acredita como N\u00ba 1 del mundo al final de la temporada 2018 durante una ceremonia en el O2 de Londres, escenario de las Finales ATP. Djokovic, [&hellip;]<\/p>\n","protected":false},"author":33,"featured_media":137567,"comment_status":"open","ping_status":"open","sticky":false,"template":"","format":"standard","meta":[],"categories":[1],"tags":[173,25,32,263],"yst_prominent_words":[],"lang":"ar","translations":{"ar":137566},"pll_sync_post":[],"_links":{"self":[{"href":"https:\/\/contenidos.vip\/mastenis\/wp-json\/wp\/v2\/posts\/137566"}],"collection":[{"href":"https:\/\/contenidos.vip\/mastenis\/wp-json\/wp\/v2\/posts"}],"about":[{"href":"https:\/\/contenidos.vip\/mastenis\/wp-json\/wp\/v2\/types\/post"}],"author":[{"embeddable":true,"href":"https:\/\/contenidos.vip\/mastenis\/wp-json\/wp\/v2\/users\/33"}],"replies":[{"embeddable":true,"href":"https:\/\/contenidos.vip\/mastenis\/wp-json\/wp\/v2\/comments?post=137566"}],"version-history":[{"count":1,"href":"https:\/\/contenidos.vip\/mastenis\/wp-json\/wp\/v2\/posts\/137566\/revisions"}],"predecessor-version":[{"id":137568,"href":"https:\/\/contenidos.vip\/mastenis\/wp-json\/wp\/v2\/posts\/137566\/revisions\/137568"}],"wp:featuredmedia":[{"embeddable":true,"href":"https:\/\/contenidos.vip\/mastenis\/wp-json\/wp\/v2\/media\/137567"}],"wp:attachment":[{"href":"https:\/\/contenidos.vip\/mastenis\/wp-json\/wp\/v2\/media?parent=137566"}],"wp:term":[{"taxonomy":"category","embeddable":true,"href":"https:\/\/contenidos.vip\/mastenis\/wp-json\/wp\/v2\/categories?post=137566"},{"taxonomy":"post_tag","embeddable":true,"href":"https:\/\/contenidos.vip\/mastenis\/wp-json\/wp\/v2\/tags?post=137566"},{"taxonomy":"yst_prominent_words","embeddable":true,"href":"https:\/\/contenidos.vip\/mastenis\/wp-json\/wp\/v2\/yst_prominent_words?post=137566"}],"curies":[{"name":"wp","href":"https:\/\/api.w.org\/{rel}","templated":true}]}}