{"id":137523,"date":"2018-11-08T12:10:08","date_gmt":"2018-11-08T15:10:08","guid":{"rendered":"https:\/\/contenidos.vip\/mastenis\/?p=137523"},"modified":"2018-11-08T13:03:58","modified_gmt":"2018-11-08T16:03:58","slug":"thiem-y-anderson-abriran-el-domingo-las-finales-de-londres","status":"publish","type":"post","link":"https:\/\/contenidos.vip\/mastenis\/ar\/2018\/11\/08\/thiem-y-anderson-abriran-el-domingo-las-finales-de-londres\/","title":{"rendered":"Thiem y Anderson abrir\u00e1n el domingo las Finales de Londres"},"content":{"rendered":"<h3 style=\"text-align: left\">El certamen que re\u00fane a los mejores ocho de la temporada ya tiene programa y horarios para las dos primeras jornadas de competici\u00f3n en el O2 Arena.<\/h3>\n<p><img loading=\"lazy\" class=\"alignnone size-full wp-image-137307\" src=\"https:\/\/mastenis.contenidos.playtown.com.ar\/wp-content\/uploads\/sites\/14\/2018\/10\/Anderson-Viena-2-e1540811966864.jpg\" alt=\"\" width=\"1080\" height=\"608\" srcset=\"https:\/\/dsvfqnf1ocz8d.cloudfront.net\/sites\/9\/2018\/10\/Anderson-Viena-2-e1540811966864.jpg 1080w, https:\/\/dsvfqnf1ocz8d.cloudfront.net\/sites\/9\/2018\/10\/Anderson-Viena-2-e1540811966864-768x432.jpg 768w, https:\/\/dsvfqnf1ocz8d.cloudfront.net\/sites\/9\/2018\/10\/Anderson-Viena-2-e1540811966864-350x197.jpg 350w\" sizes=\"(max-width: 1080px) 100vw, 1080px\" \/><\/p>\n<p style=\"text-align: left\">Las Finales de la ATP est\u00e1n a la vuelta de la esquina. De hecho, este domingo comenzar\u00e1 la acci\u00f3n para el Grupo Lleyton Hewitt y los encargados de abrir la competencia ser\u00e1n el sudafricano Kevin Anderson (6\u00ba) y el austriaco Dominic Thiem (8\u00ba) desde las 11 de la ma\u00f1ana.<\/p>\n<p><img loading=\"lazy\" class=\"alignnone size-full wp-image-136937\" src=\"https:\/\/mastenis.contenidos.playtown.com.ar\/wp-content\/uploads\/sites\/14\/2018\/10\/Federer-Shanghai-7-e1539261293545.jpg\" alt=\"\" width=\"1080\" height=\"608\" srcset=\"https:\/\/dsvfqnf1ocz8d.cloudfront.net\/sites\/9\/2018\/10\/Federer-Shanghai-7-e1539261293545.jpg 1080w, https:\/\/dsvfqnf1ocz8d.cloudfront.net\/sites\/9\/2018\/10\/Federer-Shanghai-7-e1539261293545-768x432.jpg 768w, https:\/\/dsvfqnf1ocz8d.cloudfront.net\/sites\/9\/2018\/10\/Federer-Shanghai-7-e1539261293545-350x197.jpg 350w\" sizes=\"(max-width: 1080px) 100vw, 1080px\" \/><\/p>\n<p style=\"text-align: left\">En tanto, para la sesi\u00f3n nocturna (17 de Argentina),\u00a0Roger Federer (3\u00ba), que podr\u00eda pasar a Rafael Nadal en el ranking si gana el t\u00edtulo invicto, chocar\u00e1 con el japon\u00e9s Kei Nishikori (9\u00ba), que ingres\u00f3 por la baja de Juan Mart\u00edn del Potro.<\/p>\n<p><img loading=\"lazy\" class=\"alignnone size-full wp-image-137346\" src=\"https:\/\/mastenis.contenidos.playtown.com.ar\/wp-content\/uploads\/sites\/14\/2018\/10\/Djokovic-Par\u00eds-4-e1540982669671.jpg\" alt=\"\" width=\"1080\" height=\"608\" \/><\/p>\n<p style=\"text-align: left\">En tanto, el lunes a partir de las 11 y por el Grupo Guga Kuerten se enfrentar\u00e1n el alem\u00e1n Alexander Zverev (5\u00ba) con el croata Marin Cilic (7\u00ba), y a las 17, el serbio Novak Djokovic (1\u00ba) lo har\u00e1 con el norteamericano John Isner (10\u00ba), que debutar\u00e1 en este certamen a sus 33 a\u00f1os.<\/p>\n","protected":false},"excerpt":{"rendered":"<p>El certamen que re\u00fane a los mejores ocho de la temporada ya tiene programa y horarios para las dos primeras jornadas de competici\u00f3n en el O2 Arena. Las Finales de la ATP est\u00e1n a la vuelta de la esquina. De hecho, este domingo comenzar\u00e1 la acci\u00f3n para el Grupo Lleyton Hewitt y los encargados de [&hellip;]<\/p>\n","protected":false},"author":33,"featured_media":137524,"comment_status":"open","ping_status":"open","sticky":false,"template":"","format":"standard","meta":[],"categories":[1],"tags":[77,252,250,251],"yst_prominent_words":[],"lang":"ar","translations":{"ar":137523},"pll_sync_post":[],"_links":{"self":[{"href":"https:\/\/contenidos.vip\/mastenis\/wp-json\/wp\/v2\/posts\/137523"}],"collection":[{"href":"https:\/\/contenidos.vip\/mastenis\/wp-json\/wp\/v2\/posts"}],"about":[{"href":"https:\/\/contenidos.vip\/mastenis\/wp-json\/wp\/v2\/types\/post"}],"author":[{"embeddable":true,"href":"https:\/\/contenidos.vip\/mastenis\/wp-json\/wp\/v2\/users\/33"}],"replies":[{"embeddable":true,"href":"https:\/\/contenidos.vip\/mastenis\/wp-json\/wp\/v2\/comments?post=137523"}],"version-history":[{"count":2,"href":"https:\/\/contenidos.vip\/mastenis\/wp-json\/wp\/v2\/posts\/137523\/revisions"}],"predecessor-version":[{"id":137526,"href":"https:\/\/contenidos.vip\/mastenis\/wp-json\/wp\/v2\/posts\/137523\/revisions\/137526"}],"wp:featuredmedia":[{"embeddable":true,"href":"https:\/\/contenidos.vip\/mastenis\/wp-json\/wp\/v2\/media\/137524"}],"wp:attachment":[{"href":"https:\/\/contenidos.vip\/mastenis\/wp-json\/wp\/v2\/media?parent=137523"}],"wp:term":[{"taxonomy":"category","embeddable":true,"href":"https:\/\/contenidos.vip\/mastenis\/wp-json\/wp\/v2\/categories?post=137523"},{"taxonomy":"post_tag","embeddable":true,"href":"https:\/\/contenidos.vip\/mastenis\/wp-json\/wp\/v2\/tags?post=137523"},{"taxonomy":"yst_prominent_words","embeddable":true,"href":"https:\/\/contenidos.vip\/mastenis\/wp-json\/wp\/v2\/yst_prominent_words?post=137523"}],"curies":[{"name":"wp","href":"https:\/\/api.w.org\/{rel}","templated":true}]}}