{"id":137475,"date":"2018-11-06T12:59:55","date_gmt":"2018-11-06T15:59:55","guid":{"rendered":"https:\/\/contenidos.vip\/mastenis\/?p=137475"},"modified":"2018-11-06T13:00:01","modified_gmt":"2018-11-06T16:00:01","slug":"nadal-ya-esta-recuperandose-de-la-operacion","status":"publish","type":"post","link":"https:\/\/contenidos.vip\/mastenis\/ar\/2018\/11\/06\/nadal-ya-esta-recuperandose-de-la-operacion\/","title":{"rendered":"Nadal ya est\u00e1 recuper\u00e1ndose de la operaci\u00f3n"},"content":{"rendered":"<blockquote class=\"twitter-tweet\" data-width=\"550\" data-dnt=\"true\">\n<p lang=\"es\" dir=\"ltr\">Hola a todos. Gracias por los mensajes que he recibido ayer y hoy. La operaci\u00f3n en el tobillo fue bien y ya desde casa comentaros que aplazamos el partido de exhibici\u00f3n previsto en beneficio de los damnificados en Llevant de Mallorca.<\/p>\n<p>&mdash; Rafa Nadal (@RafaelNadal) <a href=\"https:\/\/twitter.com\/RafaelNadal\/status\/1059805834929147904?ref_src=twsrc%5Etfw\">November 6, 2018<\/a><\/p><\/blockquote>\n<p><script async src=\"https:\/\/platform.twitter.com\/widgets.js\" charset=\"utf-8\"><\/script><\/p>\n<p style=\"text-align: left\">Rafael Nadal fue operado con \u00e9xito de su tobillo derecho este lunes en Barcelona. As\u00ed lo asegura el comunicado de su m\u00e9dico personal, el doctor \u00c1ngel Ruiz Cotorro, que supervis\u00f3 la intervenci\u00f3n quir\u00fargica.<\/p>\n<p style=\"text-align: left\">De esta manera, Rafa, que a su vez comparti\u00f3 un mensaje en sus redes, podr\u00e1 iniciar la rehabilitaci\u00f3n con el objetivo de poder iniciar la pretemporada y llegar al Australian Open, que comenzar\u00e1 el 14 de enero, de la mejor manera.<\/p>\n","protected":false},"excerpt":{"rendered":"<p>Hola a todos. Gracias por los mensajes que he recibido ayer y hoy. La operaci\u00f3n en el tobillo fue bien y ya desde casa comentaros que aplazamos el partido de exhibici\u00f3n previsto en beneficio de los damnificados en Llevant de Mallorca. &mdash; Rafa Nadal (@RafaelNadal) November 6, 2018 Rafael Nadal fue operado con \u00e9xito de [&hellip;]<\/p>\n","protected":false},"author":33,"featured_media":137476,"comment_status":"open","ping_status":"open","sticky":false,"template":"","format":"standard","meta":[],"categories":[1],"tags":[59,52,115],"yst_prominent_words":[],"lang":"ar","translations":{"ar":137475},"pll_sync_post":[],"_links":{"self":[{"href":"https:\/\/contenidos.vip\/mastenis\/wp-json\/wp\/v2\/posts\/137475"}],"collection":[{"href":"https:\/\/contenidos.vip\/mastenis\/wp-json\/wp\/v2\/posts"}],"about":[{"href":"https:\/\/contenidos.vip\/mastenis\/wp-json\/wp\/v2\/types\/post"}],"author":[{"embeddable":true,"href":"https:\/\/contenidos.vip\/mastenis\/wp-json\/wp\/v2\/users\/33"}],"replies":[{"embeddable":true,"href":"https:\/\/contenidos.vip\/mastenis\/wp-json\/wp\/v2\/comments?post=137475"}],"version-history":[{"count":2,"href":"https:\/\/contenidos.vip\/mastenis\/wp-json\/wp\/v2\/posts\/137475\/revisions"}],"predecessor-version":[{"id":137478,"href":"https:\/\/contenidos.vip\/mastenis\/wp-json\/wp\/v2\/posts\/137475\/revisions\/137478"}],"wp:featuredmedia":[{"embeddable":true,"href":"https:\/\/contenidos.vip\/mastenis\/wp-json\/wp\/v2\/media\/137476"}],"wp:attachment":[{"href":"https:\/\/contenidos.vip\/mastenis\/wp-json\/wp\/v2\/media?parent=137475"}],"wp:term":[{"taxonomy":"category","embeddable":true,"href":"https:\/\/contenidos.vip\/mastenis\/wp-json\/wp\/v2\/categories?post=137475"},{"taxonomy":"post_tag","embeddable":true,"href":"https:\/\/contenidos.vip\/mastenis\/wp-json\/wp\/v2\/tags?post=137475"},{"taxonomy":"yst_prominent_words","embeddable":true,"href":"https:\/\/contenidos.vip\/mastenis\/wp-json\/wp\/v2\/yst_prominent_words?post=137475"}],"curies":[{"name":"wp","href":"https:\/\/api.w.org\/{rel}","templated":true}]}}