{"id":137462,"date":"2018-11-06T08:25:54","date_gmt":"2018-11-06T11:25:54","guid":{"rendered":"https:\/\/contenidos.vip\/mastenis\/?p=137462"},"modified":"2018-11-06T08:25:54","modified_gmt":"2018-11-06T11:25:54","slug":"djokovic-terminara-el-ano-como-numero-1","status":"publish","type":"post","link":"https:\/\/contenidos.vip\/mastenis\/ar\/2018\/11\/06\/djokovic-terminara-el-ano-como-numero-1\/","title":{"rendered":"Djokovic terminar\u00e1 el a\u00f1o como n\u00famero 1"},"content":{"rendered":"<h3 style=\"text-align: left\">Tras la baja por lesi\u00f3n de Nadal, el serbio finalizar\u00e1 la temporada al tope del ranking sin importar lo que pase en Londres.<\/h3>\n<blockquote class=\"twitter-tweet\" data-width=\"550\" data-dnt=\"true\">\n<p lang=\"en\" dir=\"ltr\">Back on top of the \ud83c\udf0d<\/p>\n<p>Congratulations, <a href=\"https:\/\/twitter.com\/DjokerNole?ref_src=twsrc%5Etfw\">@DjokerNole<\/a> \ud83d\udc4f <a href=\"https:\/\/twitter.com\/hashtag\/N1?src=hash&amp;ref_src=twsrc%5Etfw\">#N1<\/a> <a href=\"https:\/\/t.co\/b6rbKo0atF\">pic.twitter.com\/b6rbKo0atF<\/a><\/p>\n<p>&mdash; ATP World Tour (@ATPWorldTour) <a href=\"https:\/\/twitter.com\/ATPWorldTour\/status\/1059458015533953031?ref_src=twsrc%5Etfw\">November 5, 2018<\/a><\/p><\/blockquote>\n<p><script async src=\"https:\/\/platform.twitter.com\/widgets.js\" charset=\"utf-8\"><\/script><\/p>\n<p style=\"text-align: left\">A pesar de que el motivo no es el m\u00e1s agradable, igualmente el serbio Novak Djokovic tiene mucho para festejar, ya que\u00a0terminar\u00e1 como n\u00famero 1 mundial por quinto a\u00f1o en su carrera (2011, 2012, 2014, 2015, 2018) pase lo que pase en el torneo de \u2018Maestros\u2019.<\/p>\n<p style=\"text-align: left\">Es que con el suizo Roger Federer sin opciones matem\u00e1ticas para alcanzar a Nole en Londres, el espa\u00f1ol Rafael Nadal era el \u00fanico que pod\u00eda disputarle la cima, pero no podr\u00e1 hacerlo debido a las lesiones en su\u00a0abdomen y tobillo.<\/p>\n<p style=\"text-align: left\">De esta forma, el balc\u00e1nico iguala las marcas de Federer (2004, 2005, 2006, 2007, 2009) y del estadounidense Jimmy Connors (1974, 1975, 1976, 1977, 1978) en cantidad de temporadas finalizando como l\u00edder.<\/p>\n<p style=\"text-align: left\">Adem\u00e1s, en 2019 tendr\u00e1 la oportunidad de alcanzar el r\u00e9cord de seis a\u00f1os de Pete Sampras, que tuvo el m\u00e9rito a\u00f1adido de lograrlo en temporadas consecutivas, de 1993 a 1998.<\/p>\n<p style=\"text-align: left\">\n","protected":false},"excerpt":{"rendered":"<p>Tras la baja por lesi\u00f3n de Nadal, el serbio finalizar\u00e1 la temporada al tope del ranking sin importar lo que pase en Londres. Back on top of the \ud83c\udf0d Congratulations, @DjokerNole \ud83d\udc4f #N1 pic.twitter.com\/b6rbKo0atF &mdash; ATP World Tour (@ATPWorldTour) November 5, 2018 A pesar de que el motivo no es el m\u00e1s agradable, igualmente el [&hellip;]<\/p>\n","protected":false},"author":33,"featured_media":137463,"comment_status":"open","ping_status":"open","sticky":false,"template":"","format":"standard","meta":[],"categories":[1],"tags":[25,32,52,33],"yst_prominent_words":[],"lang":"ar","translations":{"ar":137462},"pll_sync_post":[],"_links":{"self":[{"href":"https:\/\/contenidos.vip\/mastenis\/wp-json\/wp\/v2\/posts\/137462"}],"collection":[{"href":"https:\/\/contenidos.vip\/mastenis\/wp-json\/wp\/v2\/posts"}],"about":[{"href":"https:\/\/contenidos.vip\/mastenis\/wp-json\/wp\/v2\/types\/post"}],"author":[{"embeddable":true,"href":"https:\/\/contenidos.vip\/mastenis\/wp-json\/wp\/v2\/users\/33"}],"replies":[{"embeddable":true,"href":"https:\/\/contenidos.vip\/mastenis\/wp-json\/wp\/v2\/comments?post=137462"}],"version-history":[{"count":1,"href":"https:\/\/contenidos.vip\/mastenis\/wp-json\/wp\/v2\/posts\/137462\/revisions"}],"predecessor-version":[{"id":137464,"href":"https:\/\/contenidos.vip\/mastenis\/wp-json\/wp\/v2\/posts\/137462\/revisions\/137464"}],"wp:featuredmedia":[{"embeddable":true,"href":"https:\/\/contenidos.vip\/mastenis\/wp-json\/wp\/v2\/media\/137463"}],"wp:attachment":[{"href":"https:\/\/contenidos.vip\/mastenis\/wp-json\/wp\/v2\/media?parent=137462"}],"wp:term":[{"taxonomy":"category","embeddable":true,"href":"https:\/\/contenidos.vip\/mastenis\/wp-json\/wp\/v2\/categories?post=137462"},{"taxonomy":"post_tag","embeddable":true,"href":"https:\/\/contenidos.vip\/mastenis\/wp-json\/wp\/v2\/tags?post=137462"},{"taxonomy":"yst_prominent_words","embeddable":true,"href":"https:\/\/contenidos.vip\/mastenis\/wp-json\/wp\/v2\/yst_prominent_words?post=137462"}],"curies":[{"name":"wp","href":"https:\/\/api.w.org\/{rel}","templated":true}]}}