{"id":137414,"date":"2018-11-02T10:29:19","date_gmt":"2018-11-02T13:29:19","guid":{"rendered":"https:\/\/contenidos.vip\/mastenis\/?p=137414"},"modified":"2018-11-02T10:44:07","modified_gmt":"2018-11-02T13:44:07","slug":"sebastian-baez-sera-sparring-en-el-masters-de-londres","status":"publish","type":"post","link":"https:\/\/contenidos.vip\/mastenis\/ar\/2018\/11\/02\/sebastian-baez-sera-sparring-en-el-masters-de-londres\/","title":{"rendered":"Sebasti\u00e1n B\u00e1ez ser\u00e1 sparring en el Masters de Londres"},"content":{"rendered":"<h3 style=\"text-align: left\">El argentino recibi\u00f3 la invitaci\u00f3n de participar como peloteador en el certamen que re\u00fane a los mejores ocho de la temporada.<\/h3>\n<p><img loading=\"lazy\" class=\"alignnone size-full wp-image-136805\" src=\"https:\/\/mastenis.contenidos.playtown.com.ar\/wp-content\/uploads\/sites\/14\/2018\/10\/Baez-JJOO-e1539011157111.jpg\" alt=\"\" width=\"1080\" height=\"658\" srcset=\"https:\/\/dsvfqnf1ocz8d.cloudfront.net\/sites\/9\/2018\/10\/Baez-JJOO-e1539011157111.jpg 1080w, https:\/\/dsvfqnf1ocz8d.cloudfront.net\/sites\/9\/2018\/10\/Baez-JJOO-e1539011157111-768x468.jpg 768w\" sizes=\"(max-width: 1080px) 100vw, 1080px\" \/><\/p>\n<p style=\"text-align: left\">Sebasti\u00e1n B\u00e1ez, actual n\u00famero dos del mundo del ranking Junior de la ITF y medallista dorado en dobles masculino en los Juegos Ol\u00edmpicos de la Juventud, recibi\u00f3 una invitaci\u00f3n para cerrar el a\u00f1o de la mejor manera.<\/p>\n<p style=\"text-align: left\">Ser\u00e1 uno de los dos sparrings invitados por la ATP para pelotear junto a los mejores del planeta, como Novak Djokovic, Rafael Nadal o Roger Federer, en las Finales de la ATP, que comenzar\u00e1 el pr\u00f3ximo 11 de noviembre en Londres.<\/p>\n<p style=\"text-align: left\">B\u00e1ez naci\u00f3 hace apenas 17 a\u00f1os en San Mart\u00edn (el 28 de diciembre cumplir\u00e1 los 18), y entre los logros de una temporada para el recuerdo tambi\u00e9n figura la final alcanzada en Roland Garros Junior, donde cay\u00f3 ante Chun Hsin Tseng, de Taipei, el otro invitado a Londres.<\/p>\n<p style=\"text-align: left\">&#8220;Todav\u00eda no caigo. Es algo so\u00f1ado. Me mandaron los parajes y la reserva del hotel para mi y mi entrenador, Sebasti\u00e1n Guti\u00e9rrez. Me dijeron que vamos a estar alojados frente al Big Ben. Estoy feliz y muy ansioso por viajar, se que voy a vivir algo incre\u00edble&#8221;, explic\u00f3 feliz B\u00e1ez en di\u00e1logo con La Naci\u00f3n.<\/p>\n","protected":false},"excerpt":{"rendered":"<p>El argentino recibi\u00f3 la invitaci\u00f3n de participar como peloteador en el certamen que re\u00fane a los mejores ocho de la temporada. Sebasti\u00e1n B\u00e1ez, actual n\u00famero dos del mundo del ranking Junior de la ITF y medallista dorado en dobles masculino en los Juegos Ol\u00edmpicos de la Juventud, recibi\u00f3 una invitaci\u00f3n para cerrar el a\u00f1o de [&hellip;]<\/p>\n","protected":false},"author":33,"featured_media":136807,"comment_status":"open","ping_status":"open","sticky":false,"template":"","format":"standard","meta":[],"categories":[1],"tags":[211,173,212,21,210,38],"yst_prominent_words":[],"lang":"ar","translations":{"ar":137414},"pll_sync_post":[],"_links":{"self":[{"href":"https:\/\/contenidos.vip\/mastenis\/wp-json\/wp\/v2\/posts\/137414"}],"collection":[{"href":"https:\/\/contenidos.vip\/mastenis\/wp-json\/wp\/v2\/posts"}],"about":[{"href":"https:\/\/contenidos.vip\/mastenis\/wp-json\/wp\/v2\/types\/post"}],"author":[{"embeddable":true,"href":"https:\/\/contenidos.vip\/mastenis\/wp-json\/wp\/v2\/users\/33"}],"replies":[{"embeddable":true,"href":"https:\/\/contenidos.vip\/mastenis\/wp-json\/wp\/v2\/comments?post=137414"}],"version-history":[{"count":1,"href":"https:\/\/contenidos.vip\/mastenis\/wp-json\/wp\/v2\/posts\/137414\/revisions"}],"predecessor-version":[{"id":137415,"href":"https:\/\/contenidos.vip\/mastenis\/wp-json\/wp\/v2\/posts\/137414\/revisions\/137415"}],"wp:featuredmedia":[{"embeddable":true,"href":"https:\/\/contenidos.vip\/mastenis\/wp-json\/wp\/v2\/media\/136807"}],"wp:attachment":[{"href":"https:\/\/contenidos.vip\/mastenis\/wp-json\/wp\/v2\/media?parent=137414"}],"wp:term":[{"taxonomy":"category","embeddable":true,"href":"https:\/\/contenidos.vip\/mastenis\/wp-json\/wp\/v2\/categories?post=137414"},{"taxonomy":"post_tag","embeddable":true,"href":"https:\/\/contenidos.vip\/mastenis\/wp-json\/wp\/v2\/tags?post=137414"},{"taxonomy":"yst_prominent_words","embeddable":true,"href":"https:\/\/contenidos.vip\/mastenis\/wp-json\/wp\/v2\/yst_prominent_words?post=137414"}],"curies":[{"name":"wp","href":"https:\/\/api.w.org\/{rel}","templated":true}]}}