{"id":137408,"date":"2018-11-02T10:06:51","date_gmt":"2018-11-02T13:06:51","guid":{"rendered":"https:\/\/contenidos.vip\/mastenis\/?p=137408"},"modified":"2018-11-02T10:08:04","modified_gmt":"2018-11-02T13:08:04","slug":"federer-no-tuvo-inconvenientes-con-fognini-y-va-por-nishikori","status":"publish","type":"post","link":"https:\/\/contenidos.vip\/mastenis\/ar\/2018\/11\/02\/federer-no-tuvo-inconvenientes-con-fognini-y-va-por-nishikori\/","title":{"rendered":"Federer no tuvo inconvenientes con Fognini y va por Nishikori"},"content":{"rendered":"<h3 style=\"text-align: left\">El suizo se impuso sin demasiados inconvenientes; adem\u00e1s, Thiem super\u00f3 con esfuerzo a Coric y chocar\u00e1 con Sock.<\/h3>\n<p style=\"text-align: left\">Por primera vez en tres a\u00f1os, el suizo Roger Federer, n\u00famero 3 del mundo, se hizo presente en el Masters 1000 de Par\u00eds-Bercy. Fue por los octavos de final y con el italiano Fabio Fognini (14\u00ba) como rival.<\/p>\n<p><img loading=\"lazy\" class=\"alignnone size-full wp-image-137409\" src=\"https:\/\/mastenis.contenidos.playtown.com.ar\/wp-content\/uploads\/sites\/14\/2018\/11\/Nishikori-Par\u00eds-e1541163831570.jpg\" alt=\"\" width=\"1080\" height=\"608\" \/><\/p>\n<p style=\"text-align: left\">Enfocado y tras una hora y cuarto de juego, consigui\u00f3 el triunfo por 6-4 y 6-3 para acceder a los cuartos de final, donde este viernes desde las 16.30 se las ver\u00e1 con el japon\u00e9s Kei Nishikori (11\u00ba), que se llev\u00f3 una importante victoria ante el sudafricano Kevin Anderson (6\u00ba) por 6-4 y 6-4.<\/p>\n<p><img loading=\"lazy\" class=\"alignnone size-full wp-image-137411\" src=\"https:\/\/mastenis.contenidos.playtown.com.ar\/wp-content\/uploads\/sites\/14\/2018\/11\/Thiem-Par\u00eds-2-e1541163916384.jpg\" alt=\"\" width=\"1080\" height=\"608\" \/><\/p>\n<p style=\"text-align: left\">El otro que se meti\u00f3 entre los mejores ocho fue el austriaco Dominic Thiem (8\u00ba), que si bien no la tuvo para nada sencilla en su compromiso ante el croata Borna Coric (13\u00ba), logr\u00f3 ganar por 6-7 (3), 6-2 y 7-5.<\/p>\n<p style=\"text-align: left\">El pr\u00f3ximo rival del austriaco ser\u00e1 el estadounidense Jack Sock (23\u00ba), campe\u00f3n defensor del torneo parisino, que derrot\u00f3 por un c\u00f3modo 6-0 y 6-4 al tunecino Malek Jaziri (55\u00ba), quien hab\u00eda ingresado al <i>main draw<\/i>\u00a0por la baja de Rafael Nadal.<\/p>\n<p style=\"text-align: left\">\n","protected":false},"excerpt":{"rendered":"<p>El suizo se impuso sin demasiados inconvenientes; adem\u00e1s, Thiem super\u00f3 con esfuerzo a Coric y chocar\u00e1 con Sock. Por primera vez en tres a\u00f1os, el suizo Roger Federer, n\u00famero 3 del mundo, se hizo presente en el Masters 1000 de Par\u00eds-Bercy. Fue por los octavos de final y con el italiano Fabio Fognini (14\u00ba) como [&hellip;]<\/p>\n","protected":false},"author":33,"featured_media":137410,"comment_status":"open","ping_status":"open","sticky":false,"template":"","format":"standard","meta":[],"categories":[1],"tags":[209,156,208,12,79,28],"yst_prominent_words":[],"lang":"ar","translations":{"ar":137408},"pll_sync_post":[],"_links":{"self":[{"href":"https:\/\/contenidos.vip\/mastenis\/wp-json\/wp\/v2\/posts\/137408"}],"collection":[{"href":"https:\/\/contenidos.vip\/mastenis\/wp-json\/wp\/v2\/posts"}],"about":[{"href":"https:\/\/contenidos.vip\/mastenis\/wp-json\/wp\/v2\/types\/post"}],"author":[{"embeddable":true,"href":"https:\/\/contenidos.vip\/mastenis\/wp-json\/wp\/v2\/users\/33"}],"replies":[{"embeddable":true,"href":"https:\/\/contenidos.vip\/mastenis\/wp-json\/wp\/v2\/comments?post=137408"}],"version-history":[{"count":2,"href":"https:\/\/contenidos.vip\/mastenis\/wp-json\/wp\/v2\/posts\/137408\/revisions"}],"predecessor-version":[{"id":137413,"href":"https:\/\/contenidos.vip\/mastenis\/wp-json\/wp\/v2\/posts\/137408\/revisions\/137413"}],"wp:featuredmedia":[{"embeddable":true,"href":"https:\/\/contenidos.vip\/mastenis\/wp-json\/wp\/v2\/media\/137410"}],"wp:attachment":[{"href":"https:\/\/contenidos.vip\/mastenis\/wp-json\/wp\/v2\/media?parent=137408"}],"wp:term":[{"taxonomy":"category","embeddable":true,"href":"https:\/\/contenidos.vip\/mastenis\/wp-json\/wp\/v2\/categories?post=137408"},{"taxonomy":"post_tag","embeddable":true,"href":"https:\/\/contenidos.vip\/mastenis\/wp-json\/wp\/v2\/tags?post=137408"},{"taxonomy":"yst_prominent_words","embeddable":true,"href":"https:\/\/contenidos.vip\/mastenis\/wp-json\/wp\/v2\/yst_prominent_words?post=137408"}],"curies":[{"name":"wp","href":"https:\/\/api.w.org\/{rel}","templated":true}]}}