{"id":137393,"date":"2018-11-01T08:35:34","date_gmt":"2018-11-01T11:35:34","guid":{"rendered":"https:\/\/contenidos.vip\/mastenis\/?p=137393"},"modified":"2018-11-01T08:35:34","modified_gmt":"2018-11-01T11:35:34","slug":"el-mensaje-de-djokovic-en-sus-redes-tras-volver-al-no-1","status":"publish","type":"post","link":"https:\/\/contenidos.vip\/mastenis\/ar\/2018\/11\/01\/el-mensaje-de-djokovic-en-sus-redes-tras-volver-al-no-1\/","title":{"rendered":"El mensaje de Djokovic en sus redes tras volver al N\u00ba 1"},"content":{"rendered":"<h3 style=\"text-align: left\">El serbio comparti\u00f3 una foto de su infancia con el mensaje: &#8220;Cre\u00e9 en vos, cada d\u00eda&#8221;.<\/h3>\n<blockquote class=\"twitter-tweet\" data-width=\"550\" data-dnt=\"true\">\n<p lang=\"en\" dir=\"ltr\">Believe in yourself. Every. Single. Day \ud83d\udc76 <a href=\"https:\/\/twitter.com\/hashtag\/tbt?src=hash&amp;ref_src=twsrc%5Etfw\">#tbt<\/a> <a href=\"https:\/\/t.co\/4sDSBsxraZ\">pic.twitter.com\/4sDSBsxraZ<\/a><\/p>\n<p>&mdash; Novak Djokovic (@DjokerNole) <a href=\"https:\/\/twitter.com\/DjokerNole\/status\/1057875675506368512?ref_src=twsrc%5Etfw\">November 1, 2018<\/a><\/p><\/blockquote>\n<p><script async src=\"https:\/\/platform.twitter.com\/widgets.js\" charset=\"utf-8\"><\/script><\/p>\n<p style=\"text-align: left\">La \u00faltima vez que hab\u00eda estado al tope del ranking hab\u00eda sido el 31 de octubre de 2016. .<\/p>\n<p style=\"text-align: left\">Dos a\u00f1os m\u00e1s tarde y tras haber superado una lesi\u00f3n en el codo que trajo aparejada dudas sobre su futuro, cambios en su equipo y la incertidumbre de si volver\u00eda a jugar en el nivel que hab\u00eda sabido hacer, el serbio Novak Djokovic se asegur\u00f3 recuperar el n\u00famero 1 del mundo.<\/p>\n<p style=\"text-align: left\">Con una segunda mitad de a\u00f1o tan inesperada como incre\u00edble, Nole, campe\u00f3n en Wimbledon, Cincinnati, el US Open y Shanghai, volver\u00e1 a situarse en lo m\u00e1s alto del ranking mundial, beneficiado tambi\u00e9n por las lesiones de Rafael Nadal, que no ha podido jugar desde el US Open.<\/p>\n<p style=\"text-align: left\">\n","protected":false},"excerpt":{"rendered":"<p>El serbio comparti\u00f3 una foto de su infancia con el mensaje: &#8220;Cre\u00e9 en vos, cada d\u00eda&#8221;. Believe in yourself. Every. Single. Day \ud83d\udc76 #tbt pic.twitter.com\/4sDSBsxraZ &mdash; Novak Djokovic (@DjokerNole) November 1, 2018 La \u00faltima vez que hab\u00eda estado al tope del ranking hab\u00eda sido el 31 de octubre de 2016. . Dos a\u00f1os m\u00e1s tarde [&hellip;]<\/p>\n","protected":false},"author":33,"featured_media":137394,"comment_status":"open","ping_status":"open","sticky":false,"template":"","format":"standard","meta":[],"categories":[1],"tags":[205,203,25,32,204],"yst_prominent_words":[],"lang":"ar","translations":{"ar":137393},"pll_sync_post":[],"_links":{"self":[{"href":"https:\/\/contenidos.vip\/mastenis\/wp-json\/wp\/v2\/posts\/137393"}],"collection":[{"href":"https:\/\/contenidos.vip\/mastenis\/wp-json\/wp\/v2\/posts"}],"about":[{"href":"https:\/\/contenidos.vip\/mastenis\/wp-json\/wp\/v2\/types\/post"}],"author":[{"embeddable":true,"href":"https:\/\/contenidos.vip\/mastenis\/wp-json\/wp\/v2\/users\/33"}],"replies":[{"embeddable":true,"href":"https:\/\/contenidos.vip\/mastenis\/wp-json\/wp\/v2\/comments?post=137393"}],"version-history":[{"count":2,"href":"https:\/\/contenidos.vip\/mastenis\/wp-json\/wp\/v2\/posts\/137393\/revisions"}],"predecessor-version":[{"id":137396,"href":"https:\/\/contenidos.vip\/mastenis\/wp-json\/wp\/v2\/posts\/137393\/revisions\/137396"}],"wp:featuredmedia":[{"embeddable":true,"href":"https:\/\/contenidos.vip\/mastenis\/wp-json\/wp\/v2\/media\/137394"}],"wp:attachment":[{"href":"https:\/\/contenidos.vip\/mastenis\/wp-json\/wp\/v2\/media?parent=137393"}],"wp:term":[{"taxonomy":"category","embeddable":true,"href":"https:\/\/contenidos.vip\/mastenis\/wp-json\/wp\/v2\/categories?post=137393"},{"taxonomy":"post_tag","embeddable":true,"href":"https:\/\/contenidos.vip\/mastenis\/wp-json\/wp\/v2\/tags?post=137393"},{"taxonomy":"yst_prominent_words","embeddable":true,"href":"https:\/\/contenidos.vip\/mastenis\/wp-json\/wp\/v2\/yst_prominent_words?post=137393"}],"curies":[{"name":"wp","href":"https:\/\/api.w.org\/{rel}","templated":true}]}}