{"id":137367,"date":"2018-10-31T13:21:57","date_gmt":"2018-10-31T16:21:57","guid":{"rendered":"https:\/\/contenidos.vip\/mastenis\/?p=137367"},"modified":"2018-10-31T13:21:57","modified_gmt":"2018-10-31T16:21:57","slug":"djokovic-volvera-a-ser-el-n-1-del-mundo","status":"publish","type":"post","link":"https:\/\/contenidos.vip\/mastenis\/ar\/2018\/10\/31\/djokovic-volvera-a-ser-el-n-1-del-mundo\/","title":{"rendered":"Djokovic volver\u00e1 a ser el N\u00b0 1 del mundo"},"content":{"rendered":"<h3 style=\"text-align: left\">Nadal anunci\u00f3 que se baja de Par\u00eds Bercy por una lesi\u00f3n abdominal y perder\u00e1 la cima del ranking.<\/h3>\n<p style=\"text-align: left\"><img loading=\"lazy\" class=\"alignnone  wp-image-137368\" src=\"https:\/\/mastenis.contenidos.playtown.com.ar\/wp-content\/uploads\/sites\/14\/2018\/10\/IMG_20181031_130611.jpg\" alt=\"\" width=\"282\" height=\"188\" \/><\/p>\n<p style=\"text-align: left\">Sorpresa de \u00faltimo momento. El espa\u00f1ol Rafael Nadal anunci\u00f3 su baja en el Masters 1000 de Par\u00eds-Bercy debido a unos problemas abdominales, y no podr\u00e1 debutar en el partido previsto para esta tarde ante su compatriota Fernando Verdasco.<\/p>\n<p style=\"text-align: left\">Este nuevo problema f\u00edsico significa tambi\u00e9n la p\u00e9rdida del liderazgo del r\u00e1nking, que a partir del lunes le corresponder\u00e1 al serbio Novak Djokovic, quien no estaba en lo m\u00e1s alto desde el 6 de noviembre de 2016.<\/p>\n","protected":false},"excerpt":{"rendered":"<p>Nadal anunci\u00f3 que se baja de Par\u00eds Bercy por una lesi\u00f3n abdominal y perder\u00e1 la cima del ranking. Sorpresa de \u00faltimo momento. El espa\u00f1ol Rafael Nadal anunci\u00f3 su baja en el Masters 1000 de Par\u00eds-Bercy debido a unos problemas abdominales, y no podr\u00e1 debutar en el partido previsto para esta tarde ante su compatriota Fernando [&hellip;]<\/p>\n","protected":false},"author":33,"featured_media":137369,"comment_status":"open","ping_status":"open","sticky":false,"template":"","format":"standard","meta":[],"categories":[1],"tags":[],"yst_prominent_words":[],"lang":"ar","translations":{"ar":137367},"pll_sync_post":[],"_links":{"self":[{"href":"https:\/\/contenidos.vip\/mastenis\/wp-json\/wp\/v2\/posts\/137367"}],"collection":[{"href":"https:\/\/contenidos.vip\/mastenis\/wp-json\/wp\/v2\/posts"}],"about":[{"href":"https:\/\/contenidos.vip\/mastenis\/wp-json\/wp\/v2\/types\/post"}],"author":[{"embeddable":true,"href":"https:\/\/contenidos.vip\/mastenis\/wp-json\/wp\/v2\/users\/33"}],"replies":[{"embeddable":true,"href":"https:\/\/contenidos.vip\/mastenis\/wp-json\/wp\/v2\/comments?post=137367"}],"version-history":[{"count":1,"href":"https:\/\/contenidos.vip\/mastenis\/wp-json\/wp\/v2\/posts\/137367\/revisions"}],"predecessor-version":[{"id":137370,"href":"https:\/\/contenidos.vip\/mastenis\/wp-json\/wp\/v2\/posts\/137367\/revisions\/137370"}],"wp:featuredmedia":[{"embeddable":true,"href":"https:\/\/contenidos.vip\/mastenis\/wp-json\/wp\/v2\/media\/137369"}],"wp:attachment":[{"href":"https:\/\/contenidos.vip\/mastenis\/wp-json\/wp\/v2\/media?parent=137367"}],"wp:term":[{"taxonomy":"category","embeddable":true,"href":"https:\/\/contenidos.vip\/mastenis\/wp-json\/wp\/v2\/categories?post=137367"},{"taxonomy":"post_tag","embeddable":true,"href":"https:\/\/contenidos.vip\/mastenis\/wp-json\/wp\/v2\/tags?post=137367"},{"taxonomy":"yst_prominent_words","embeddable":true,"href":"https:\/\/contenidos.vip\/mastenis\/wp-json\/wp\/v2\/yst_prominent_words?post=137367"}],"curies":[{"name":"wp","href":"https:\/\/api.w.org\/{rel}","templated":true}]}}