{"id":137339,"date":"2018-10-30T12:09:25","date_gmt":"2018-10-30T15:09:25","guid":{"rendered":"https:\/\/contenidos.vip\/mastenis\/?p=137339"},"modified":"2018-10-30T12:17:42","modified_gmt":"2018-10-30T15:17:42","slug":"federer-ya-esta-en-paris","status":"publish","type":"post","link":"https:\/\/contenidos.vip\/mastenis\/ar\/2018\/10\/30\/federer-ya-esta-en-paris\/","title":{"rendered":"Federer ya est\u00e1 en Par\u00eds"},"content":{"rendered":"<h3 style=\"text-align: left\">El suizo arrib\u00f3 a la capital francesa por primera vez en tres a\u00f1os y confirm\u00f3 que participar\u00e1 del certamen.<\/h3>\n<blockquote class=\"twitter-tweet\" data-width=\"550\" data-dnt=\"true\">\n<p lang=\"fr\" dir=\"ltr\">A la question si <a href=\"https:\/\/twitter.com\/rogerfederer?ref_src=twsrc%5Etfw\">@rogerfederer<\/a> jouera demain, la r\u00e9ponse est OUI \ud83d\udc4d ! <\/p>\n<p>Roger Federer will play tomorrow at the <a href=\"https:\/\/twitter.com\/hashtag\/RolexParisMasters?src=hash&amp;ref_src=twsrc%5Etfw\">#RolexParisMasters<\/a> <a href=\"https:\/\/t.co\/bo60G3rtCo\">pic.twitter.com\/bo60G3rtCo<\/a><\/p>\n<p>&mdash; ROLEX PARIS MASTERS (@RolexPMasters) <a href=\"https:\/\/twitter.com\/RolexPMasters\/status\/1057286644628418560?ref_src=twsrc%5Etfw\">October 30, 2018<\/a><\/p><\/blockquote>\n<p><script async src=\"https:\/\/platform.twitter.com\/widgets.js\" charset=\"utf-8\"><\/script><\/p>\n<p style=\"text-align: left\">El flamante campe\u00f3n de Basilea, Roger Federer, lleg\u00f3 con su raquetero a cuestas a Par\u00eds, donde esta semana se disputa el \u00faltimo Masters 1000 de la temporada, y al rato confirm\u00f3 en conferencia de prensa que finalmente participar\u00e1 del torneo.<\/p>\n<p style=\"text-align: left\">De esta forma, el suizo jugar\u00e1 en la capital francesa por primera vez desde 2015, ya que en los \u00faltimos a\u00f1os hab\u00eda optado por no disputar Roland Garros, mientras que tambi\u00e9n hab\u00eda descartado jugar en Par\u00eds-Bercy para cuidar su f\u00edsico de cara a las Finales ATP.<\/p>\n<p style=\"text-align: left\">Federer arrib\u00f3 al torneo franc\u00e9s procedente de Basilea,\u00a0donde el domingo conquist\u00f3 su t\u00edtulo n\u00ba 99, noveno en su casa, por lo que en Par\u00eds podr\u00eda alcanzar los cien trofeos para seguir haciendo historia.<\/p>\n<p style=\"text-align: left\">Su debut se producir\u00e1 este mi\u00e9rcoles por la segunda ronda ante el ganador del duelo entre el canadiense Milos Raonic y el franc\u00e9s Jo-Wilfred Tsonga.<\/p>\n<p style=\"text-align: left\">Tercero en el ranking, corre por detr\u00e1s de Rafael Nadal y Novak Djokovic, los principales candidatos a quedarse con el t\u00edtulo. Sin embargo, nunca hay que descartar a Roger, quien chocar\u00eda en un eventual cruce de semifinales ante Nole.<\/p>\n","protected":false},"excerpt":{"rendered":"<p>El suizo arrib\u00f3 a la capital francesa por primera vez en tres a\u00f1os y confirm\u00f3 que participar\u00e1 del certamen. A la question si @rogerfederer jouera demain, la r\u00e9ponse est OUI \ud83d\udc4d ! Roger Federer will play tomorrow at the #RolexParisMasters pic.twitter.com\/bo60G3rtCo &mdash; ROLEX PARIS MASTERS (@RolexPMasters) October 30, 2018 El flamante campe\u00f3n de Basilea, Roger [&hellip;]<\/p>\n","protected":false},"author":33,"featured_media":137341,"comment_status":"open","ping_status":"open","sticky":false,"template":"","format":"standard","meta":[],"categories":[1],"tags":[182,89,193,191,192,28],"yst_prominent_words":[],"lang":"ar","translations":{"ar":137339},"pll_sync_post":[],"_links":{"self":[{"href":"https:\/\/contenidos.vip\/mastenis\/wp-json\/wp\/v2\/posts\/137339"}],"collection":[{"href":"https:\/\/contenidos.vip\/mastenis\/wp-json\/wp\/v2\/posts"}],"about":[{"href":"https:\/\/contenidos.vip\/mastenis\/wp-json\/wp\/v2\/types\/post"}],"author":[{"embeddable":true,"href":"https:\/\/contenidos.vip\/mastenis\/wp-json\/wp\/v2\/users\/33"}],"replies":[{"embeddable":true,"href":"https:\/\/contenidos.vip\/mastenis\/wp-json\/wp\/v2\/comments?post=137339"}],"version-history":[{"count":3,"href":"https:\/\/contenidos.vip\/mastenis\/wp-json\/wp\/v2\/posts\/137339\/revisions"}],"predecessor-version":[{"id":137343,"href":"https:\/\/contenidos.vip\/mastenis\/wp-json\/wp\/v2\/posts\/137339\/revisions\/137343"}],"wp:featuredmedia":[{"embeddable":true,"href":"https:\/\/contenidos.vip\/mastenis\/wp-json\/wp\/v2\/media\/137341"}],"wp:attachment":[{"href":"https:\/\/contenidos.vip\/mastenis\/wp-json\/wp\/v2\/media?parent=137339"}],"wp:term":[{"taxonomy":"category","embeddable":true,"href":"https:\/\/contenidos.vip\/mastenis\/wp-json\/wp\/v2\/categories?post=137339"},{"taxonomy":"post_tag","embeddable":true,"href":"https:\/\/contenidos.vip\/mastenis\/wp-json\/wp\/v2\/tags?post=137339"},{"taxonomy":"yst_prominent_words","embeddable":true,"href":"https:\/\/contenidos.vip\/mastenis\/wp-json\/wp\/v2\/yst_prominent_words?post=137339"}],"curies":[{"name":"wp","href":"https:\/\/api.w.org\/{rel}","templated":true}]}}