{"id":137034,"date":"2018-10-18T11:46:27","date_gmt":"2018-10-18T14:46:27","guid":{"rendered":"https:\/\/contenidos.vip\/mastenis\/?p=137034"},"modified":"2018-10-18T11:46:27","modified_gmt":"2018-10-18T14:46:27","slug":"pique-polemico-con-federer-y-su-participacion-en-la-copa-davis","status":"publish","type":"post","link":"https:\/\/contenidos.vip\/mastenis\/ar\/2018\/10\/18\/pique-polemico-con-federer-y-su-participacion-en-la-copa-davis\/","title":{"rendered":"Piqu\u00e9, pol\u00e9mico con Federer y su participaci\u00f3n en la Copa Davis"},"content":{"rendered":"<h3 style=\"text-align: left\">El defensor del Bar\u00e7a dijo que no esperaban que el suizo jugara el torneo y dispar\u00f3: &#8220;Las piernas le dan para lo que le dan&#8221;.<\/h3>\n<p style=\"text-align: left\"><img loading=\"lazy\" class=\"alignnone size-full wp-image-136937\" src=\"https:\/\/mastenis.contenidos.playtown.com.ar\/wp-content\/uploads\/sites\/14\/2018\/10\/Federer-Shanghai-7-e1539261293545.jpg\" alt=\"\" width=\"1080\" height=\"608\" srcset=\"https:\/\/dsvfqnf1ocz8d.cloudfront.net\/sites\/9\/2018\/10\/Federer-Shanghai-7-e1539261293545.jpg 1080w, https:\/\/dsvfqnf1ocz8d.cloudfront.net\/sites\/9\/2018\/10\/Federer-Shanghai-7-e1539261293545-768x432.jpg 768w, https:\/\/dsvfqnf1ocz8d.cloudfront.net\/sites\/9\/2018\/10\/Federer-Shanghai-7-e1539261293545-350x197.jpg 350w\" sizes=\"(max-width: 1080px) 100vw, 1080px\" \/><\/p>\n<p style=\"text-align: left\">El espa\u00f1ol Gerard Piqu\u00e9 lider\u00f3 este mi\u00e9rcoles la presentaci\u00f3n del nuevo formato de Copa Davis, que tendr\u00e1 lugar en Madrid en sus dos primeras ediciones en 2019 y 2020.<\/p>\n<p style=\"text-align: left\">Junto a la alcaldesa de Madrid y representantes de la ITF, se refiri\u00f3 a la posible no participaci\u00f3n del suizo Roger Federer en el certamen: &#8220;No es de los que hist\u00f3ricamente m\u00e1s haya jugado el torneo, as\u00ed que no esper\u00e1bamos que estuviera&#8221;.<\/p>\n<p style=\"text-align: left\">&#8220;Federer est\u00e1 en un punto de su carrera en el que prioriza torneos muy emblem\u00e1ticos porque tiene la edad que tiene y las piernas le dan para lo que le dan&#8221;, lanz\u00f3 el futbolista.<\/p>\n<p style=\"text-align: left\"><img loading=\"lazy\" class=\"alignnone size-full wp-image-137035\" src=\"https:\/\/mastenis.contenidos.playtown.com.ar\/wp-content\/uploads\/sites\/14\/2018\/10\/Piqu\u00e9-Copa-Davis-2.jpg\" alt=\"\" width=\"984\" height=\"655\" srcset=\"https:\/\/contenidos.vip\/mastenis\/wp-content\/uploads\/sites\/9\/2018\/10\/Piqu\u00e9-Copa-Davis-2.jpg 984w, https:\/\/contenidos.vip\/mastenis\/wp-content\/uploads\/sites\/9\/2018\/10\/Piqu\u00e9-Copa-Davis-2-768x511.jpg 768w\" sizes=\"(max-width: 984px) 100vw, 984px\" \/><\/p>\n<p style=\"text-align: left\">Y para calmar las aguas, agreg\u00f3: &#8220;Si puede, fant\u00e1stico&#8230; He hablado con gente de su entorno y no me han cerrado la puerta. Depende de las sensaciones que \u00e9l tenga. Pero a lo mejor Suiza ni siquiera se clasifica para la fase final&#8221;.<\/p>\n<p style=\"text-align: left\">En tanto, tambi\u00e9n se dio tiempo para hablar de la posibilidad de que Rafael Nadal s\u00ed la dispute: Rafa est\u00e1 muy contento con el evento y que sea en Madrid le gusta mucho m\u00e1s. Pero en el mundo del tenis hay muchos partidos y muchos de los jugadores est\u00e1n al l\u00edmite&#8221;.<\/p>\n<p style=\"text-align: left\">Por su parte, sobre el serbio Novak Djokovic apunt\u00f3: &#8220;Ya dijo que si la competici\u00f3n por equipos de la ATP sale adelante, que est\u00e1 por ver, jugar\u00e1 la de la ATP pero estoy confiado en que podremos llegar a un acuerdo&#8221;.<\/p>\n<p style=\"text-align: left\">&#8220;La Davis es una competici\u00f3n por equipos, as\u00ed que es imposible tener el cuadro perfecto con todos los jugadores top. Pero nosotros no pensamos individualmente. Si este torneo tiene tanta historia es por el peso de las Federaciones y no tanto por el de los jugadores&#8221;, remat\u00f3 Piqu\u00e9.<\/p>\n","protected":false},"excerpt":{"rendered":"<p>El defensor del Bar\u00e7a dijo que no esperaban que el suizo jugara el torneo y dispar\u00f3: &#8220;Las piernas le dan para lo que le dan&#8221;. El espa\u00f1ol Gerard Piqu\u00e9 lider\u00f3 este mi\u00e9rcoles la presentaci\u00f3n del nuevo formato de Copa Davis, que tendr\u00e1 lugar en Madrid en sus dos primeras ediciones en 2019 y 2020. Junto [&hellip;]<\/p>\n","protected":false},"author":33,"featured_media":137036,"comment_status":"open","ping_status":"open","sticky":false,"template":"","format":"standard","meta":[],"categories":[1],"tags":[46,108,107,109,28],"yst_prominent_words":[],"lang":"ar","translations":{"ar":137034},"pll_sync_post":[],"_links":{"self":[{"href":"https:\/\/contenidos.vip\/mastenis\/wp-json\/wp\/v2\/posts\/137034"}],"collection":[{"href":"https:\/\/contenidos.vip\/mastenis\/wp-json\/wp\/v2\/posts"}],"about":[{"href":"https:\/\/contenidos.vip\/mastenis\/wp-json\/wp\/v2\/types\/post"}],"author":[{"embeddable":true,"href":"https:\/\/contenidos.vip\/mastenis\/wp-json\/wp\/v2\/users\/33"}],"replies":[{"embeddable":true,"href":"https:\/\/contenidos.vip\/mastenis\/wp-json\/wp\/v2\/comments?post=137034"}],"version-history":[{"count":1,"href":"https:\/\/contenidos.vip\/mastenis\/wp-json\/wp\/v2\/posts\/137034\/revisions"}],"predecessor-version":[{"id":137037,"href":"https:\/\/contenidos.vip\/mastenis\/wp-json\/wp\/v2\/posts\/137034\/revisions\/137037"}],"wp:featuredmedia":[{"embeddable":true,"href":"https:\/\/contenidos.vip\/mastenis\/wp-json\/wp\/v2\/media\/137036"}],"wp:attachment":[{"href":"https:\/\/contenidos.vip\/mastenis\/wp-json\/wp\/v2\/media?parent=137034"}],"wp:term":[{"taxonomy":"category","embeddable":true,"href":"https:\/\/contenidos.vip\/mastenis\/wp-json\/wp\/v2\/categories?post=137034"},{"taxonomy":"post_tag","embeddable":true,"href":"https:\/\/contenidos.vip\/mastenis\/wp-json\/wp\/v2\/tags?post=137034"},{"taxonomy":"yst_prominent_words","embeddable":true,"href":"https:\/\/contenidos.vip\/mastenis\/wp-json\/wp\/v2\/yst_prominent_words?post=137034"}],"curies":[{"name":"wp","href":"https:\/\/api.w.org\/{rel}","templated":true}]}}